{"id":69640,"date":"2021-06-02T17:39:26","date_gmt":"2021-06-02T17:39:26","guid":{"rendered":"https:\/\/sertv.gob.pa\/nacionalfm\/?p=69640"},"modified":"2021-06-02T17:39:26","modified_gmt":"2021-06-02T17:39:26","slug":"el-intento-de-remolcar-el-barco-incendiado-en-sri-lanka-fracasa-luego-de-que-el-buque-tocara-el-fondo-del-mar","status":"publish","type":"post","link":"https:\/\/sertv.gob.pa\/nacionalfm\/el-intento-de-remolcar-el-barco-incendiado-en-sri-lanka-fracasa-luego-de-que-el-buque-tocara-el-fondo-del-mar\/","title":{"rendered":"El intento de remolcar el barco incendiado en Sri Lanka \u00abfracasa\u00bb luego de que el buque tocara el fondo del mar"},"content":{"rendered":"<p><strong><em>(CNN) \u2014<\/em><\/strong><em>\u00a0<\/em><\/p>\n<p>El buque\u00a0<a href=\"https:\/\/cnnespanol.cnn.com\/video\/sri-lanka-barco-incendio-petroleo-cnn-primera\/\" target=\"_blank\" rel=\"noopener\">MS X-Press Pearl<\/a>\u00a0no pudo ser remolcado por las autoridades despu\u00e9s de que la parte trasera del barco tocara el fondo del mar frente a la costa de Colombo, Sri Lanka, el mi\u00e9rcoles, seg\u00fan el operador del carguero.<\/p>\n<p>\u00abA pesar de que los equipos de salvamento abordaron con \u00e9xito el buque y colocaron un cable de remolque, los esfuerzos por trasladar el buque a aguas m\u00e1s profundas han fracasado, y la popa del buque est\u00e1 ahora tocando el fondo a una profundidad de 21 metros\u00bb, dec\u00eda el comunicado del X-Press Pearl.<\/p>\n<p>Las autoridades de Sri Lanka han puesto en marcha una operaci\u00f3n de remolque para alejar el barco que transportaba productos qu\u00edmicos de la costa. Despu\u00e9s de controlar un gran incendio a bordo, un equipo de rescate subi\u00f3 al barco medio hundido para evaluar los da\u00f1os y conectar el cable de remolque.<\/p>\n<p>&nbsp;<\/p>\n<p>Fuente: CNN<\/p>\n","protected":false},"excerpt":{"rendered":"<p>(CNN) \u2014\u00a0 El buque\u00a0MS X-Press Pearl\u00a0no pudo ser remolcado por <a href=\"https:\/\/sertv.gob.pa\/nacionalfm\/el-intento-de-remolcar-el-barco-incendiado-en-sri-lanka-fracasa-luego-de-que-el-buque-tocara-el-fondo-del-mar\/\"> [&#8230;]<\/a><\/p>\n","protected":false},"author":9,"featured_media":69641,"comment_status":"closed","ping_status":"closed","sticky":false,"template":"","format":"standard","meta":{"footnotes":""},"categories":[3],"tags":[],"class_list":["post-69640","post","type-post","status-publish","format-standard","has-post-thumbnail","hentry","category-internacionales"],"_links":{"self":[{"href":"https:\/\/sertv.gob.pa\/nacionalfm\/wp-json\/wp\/v2\/posts\/69640","targetHints":{"allow":["GET"]}}],"collection":[{"href":"https:\/\/sertv.gob.pa\/nacionalfm\/wp-json\/wp\/v2\/posts"}],"about":[{"href":"https:\/\/sertv.gob.pa\/nacionalfm\/wp-json\/wp\/v2\/types\/post"}],"author":[{"embeddable":true,"href":"https:\/\/sertv.gob.pa\/nacionalfm\/wp-json\/wp\/v2\/users\/9"}],"replies":[{"embeddable":true,"href":"https:\/\/sertv.gob.pa\/nacionalfm\/wp-json\/wp\/v2\/comments?post=69640"}],"version-history":[{"count":1,"href":"https:\/\/sertv.gob.pa\/nacionalfm\/wp-json\/wp\/v2\/posts\/69640\/revisions"}],"predecessor-version":[{"id":69642,"href":"https:\/\/sertv.gob.pa\/nacionalfm\/wp-json\/wp\/v2\/posts\/69640\/revisions\/69642"}],"wp:featuredmedia":[{"embeddable":true,"href":"https:\/\/sertv.gob.pa\/nacionalfm\/wp-json\/wp\/v2\/media\/69641"}],"wp:attachment":[{"href":"https:\/\/sertv.gob.pa\/nacionalfm\/wp-json\/wp\/v2\/media?parent=69640"}],"wp:term":[{"taxonomy":"category","embeddable":true,"href":"https:\/\/sertv.gob.pa\/nacionalfm\/wp-json\/wp\/v2\/categories?post=69640"},{"taxonomy":"post_tag","embeddable":true,"href":"https:\/\/sertv.gob.pa\/nacionalfm\/wp-json\/wp\/v2\/tags?post=69640"}],"curies":[{"name":"wp","href":"https:\/\/api.w.org\/{rel}","templated":true}]}}