{"id":69643,"date":"2021-06-02T18:40:29","date_gmt":"2021-06-02T18:40:29","guid":{"rendered":"https:\/\/sertv.gob.pa\/nacionalfm\/?p=69643"},"modified":"2021-06-02T18:40:29","modified_gmt":"2021-06-02T18:40:29","slug":"colombia-establece-horarios-de-ingreso-y-salida-en-frontera-con-venezuela","status":"publish","type":"post","link":"https:\/\/sertv.gob.pa\/nacionalfm\/colombia-establece-horarios-de-ingreso-y-salida-en-frontera-con-venezuela\/","title":{"rendered":"Colombia establece horarios de ingreso y salida en frontera con Venezuela"},"content":{"rendered":"<p><strong><em>(CNN Espa\u00f1ol) \u2014<\/em><\/strong><em>\u00a0<\/em><\/p>\n<p>&nbsp;<\/p>\n<p>Este martes, Migraci\u00f3n Colombia inform\u00f3 en un comunicado que se establecen horarios de entrada y salida en la frontera con Venezuela.<\/p>\n<p>Los horarios var\u00edan dependiendo el punto de acceso en la frontera entre los dos pa\u00edses.<\/p>\n<p>En el puesto de Control Migratorio de Paraguach\u00f3n en La Guajira, la apertura de la frontera se realizar\u00e1 a las 8 am y se mantendr\u00e1 hasta las 4 pm, hora colombiana.<\/p>\n<p>Para los puestos migratorios fluviales de Puerto Carre\u00f1o e In\u00edrida, el horario de entrada y salida de viajeros ser\u00e1 de 6 am a 5 pm.<\/p>\n<p>El Puente Internacional Jos\u00e9 Antonio P\u00e1ez, en Arauca, funcionar\u00e1 de manera continua de 6 de la ma\u00f1ana a 6 de la tarde.<\/p>\n<p>En el departamento de Norte de Santander, en los Puentes Internacionales Sim\u00f3n Bol\u00edvar y Francisco de Paula Santander, se permitir\u00e1 el ingreso de viajeros solo hasta las 3 pm, hora colombiana, y la salida hasta las 5 pm.<\/p>\n<p>El Control Migratorio de Puerto Santander, funcionar\u00e1 de 6 de la ma\u00f1ana a 4 de la tarde.<\/p>\n<p>Adicionalmente, Migraci\u00f3n Colombia inform\u00f3 que se establece un sistema de pico y c\u00e9dula para ingresar a territorio colombiano.<\/p>\n<p>El sistema para el ingreso se basar\u00e1 en fechas del calendario de n\u00fameros pares e impares. Los d\u00edas pares 2, 4, 6, 8 y n\u00fameros con 0 se les permitir\u00e1 el ingreso a venezolanos con cedula de identidad que termine en esos n\u00fameros. El mismo sistema ser\u00e1 con los n\u00fameros impares.<\/p>\n<p>&nbsp;<\/p>\n<p>Fuente: CNN<\/p>\n","protected":false},"excerpt":{"rendered":"<p>(CNN Espa\u00f1ol) \u2014\u00a0 &nbsp; Este martes, Migraci\u00f3n Colombia inform\u00f3 en <a href=\"https:\/\/sertv.gob.pa\/nacionalfm\/colombia-establece-horarios-de-ingreso-y-salida-en-frontera-con-venezuela\/\"> [&#8230;]<\/a><\/p>\n","protected":false},"author":9,"featured_media":69644,"comment_status":"closed","ping_status":"closed","sticky":false,"template":"","format":"standard","meta":{"footnotes":""},"categories":[3],"tags":[],"class_list":["post-69643","post","type-post","status-publish","format-standard","has-post-thumbnail","hentry","category-internacionales"],"_links":{"self":[{"href":"https:\/\/sertv.gob.pa\/nacionalfm\/wp-json\/wp\/v2\/posts\/69643","targetHints":{"allow":["GET"]}}],"collection":[{"href":"https:\/\/sertv.gob.pa\/nacionalfm\/wp-json\/wp\/v2\/posts"}],"about":[{"href":"https:\/\/sertv.gob.pa\/nacionalfm\/wp-json\/wp\/v2\/types\/post"}],"author":[{"embeddable":true,"href":"https:\/\/sertv.gob.pa\/nacionalfm\/wp-json\/wp\/v2\/users\/9"}],"replies":[{"embeddable":true,"href":"https:\/\/sertv.gob.pa\/nacionalfm\/wp-json\/wp\/v2\/comments?post=69643"}],"version-history":[{"count":1,"href":"https:\/\/sertv.gob.pa\/nacionalfm\/wp-json\/wp\/v2\/posts\/69643\/revisions"}],"predecessor-version":[{"id":69645,"href":"https:\/\/sertv.gob.pa\/nacionalfm\/wp-json\/wp\/v2\/posts\/69643\/revisions\/69645"}],"wp:featuredmedia":[{"embeddable":true,"href":"https:\/\/sertv.gob.pa\/nacionalfm\/wp-json\/wp\/v2\/media\/69644"}],"wp:attachment":[{"href":"https:\/\/sertv.gob.pa\/nacionalfm\/wp-json\/wp\/v2\/media?parent=69643"}],"wp:term":[{"taxonomy":"category","embeddable":true,"href":"https:\/\/sertv.gob.pa\/nacionalfm\/wp-json\/wp\/v2\/categories?post=69643"},{"taxonomy":"post_tag","embeddable":true,"href":"https:\/\/sertv.gob.pa\/nacionalfm\/wp-json\/wp\/v2\/tags?post=69643"}],"curies":[{"name":"wp","href":"https:\/\/api.w.org\/{rel}","templated":true}]}}