{"id":69681,"date":"2021-06-03T16:18:46","date_gmt":"2021-06-03T16:18:46","guid":{"rendered":"https:\/\/sertv.gob.pa\/nacionalfm\/?p=69681"},"modified":"2021-06-03T16:19:15","modified_gmt":"2021-06-03T16:19:15","slug":"varias-personas-incendian-una-caseta-en-otra-noche-de-protestas-violentas-en-bogota","status":"publish","type":"post","link":"https:\/\/sertv.gob.pa\/nacionalfm\/varias-personas-incendian-una-caseta-en-otra-noche-de-protestas-violentas-en-bogota\/","title":{"rendered":"Varias personas incendian una caseta en otra noche de protestas violentas en Bogot\u00e1"},"content":{"rendered":"<p>La Secretar\u00eda de Gobierno de Bogot\u00e1 inform\u00f3 que en la noche del mi\u00e9rcoles se registraron protestas violentas encabezadas por un grupo de personas en el \u00e1rea del Portal Am\u00e9ricas.<\/p>\n<p>La instituci\u00f3n agreg\u00f3 que varios cientos de manifestantes tambi\u00e9n recorrieron las calles de la capital de\u00a0<a href=\"https:\/\/cnnespanol.cnn.com\/category\/zona-andina\/colombia\/\" target=\"_blank\" rel=\"noopener\">Colombia<\/a>\u00a0de manera pac\u00edfica, quienes no formaron parte de los disturbios.<\/p>\n<p>&nbsp;<\/p>\n<p>Fuente: CNN<\/p>\n","protected":false},"excerpt":{"rendered":"<p>La Secretar\u00eda de Gobierno de Bogot\u00e1 inform\u00f3 que en la <a href=\"https:\/\/sertv.gob.pa\/nacionalfm\/varias-personas-incendian-una-caseta-en-otra-noche-de-protestas-violentas-en-bogota\/\"> [&#8230;]<\/a><\/p>\n","protected":false},"author":9,"featured_media":69685,"comment_status":"closed","ping_status":"closed","sticky":false,"template":"","format":"standard","meta":{"footnotes":""},"categories":[3],"tags":[],"class_list":["post-69681","post","type-post","status-publish","format-standard","has-post-thumbnail","hentry","category-internacionales"],"_links":{"self":[{"href":"https:\/\/sertv.gob.pa\/nacionalfm\/wp-json\/wp\/v2\/posts\/69681","targetHints":{"allow":["GET"]}}],"collection":[{"href":"https:\/\/sertv.gob.pa\/nacionalfm\/wp-json\/wp\/v2\/posts"}],"about":[{"href":"https:\/\/sertv.gob.pa\/nacionalfm\/wp-json\/wp\/v2\/types\/post"}],"author":[{"embeddable":true,"href":"https:\/\/sertv.gob.pa\/nacionalfm\/wp-json\/wp\/v2\/users\/9"}],"replies":[{"embeddable":true,"href":"https:\/\/sertv.gob.pa\/nacionalfm\/wp-json\/wp\/v2\/comments?post=69681"}],"version-history":[{"count":1,"href":"https:\/\/sertv.gob.pa\/nacionalfm\/wp-json\/wp\/v2\/posts\/69681\/revisions"}],"predecessor-version":[{"id":69686,"href":"https:\/\/sertv.gob.pa\/nacionalfm\/wp-json\/wp\/v2\/posts\/69681\/revisions\/69686"}],"wp:featuredmedia":[{"embeddable":true,"href":"https:\/\/sertv.gob.pa\/nacionalfm\/wp-json\/wp\/v2\/media\/69685"}],"wp:attachment":[{"href":"https:\/\/sertv.gob.pa\/nacionalfm\/wp-json\/wp\/v2\/media?parent=69681"}],"wp:term":[{"taxonomy":"category","embeddable":true,"href":"https:\/\/sertv.gob.pa\/nacionalfm\/wp-json\/wp\/v2\/categories?post=69681"},{"taxonomy":"post_tag","embeddable":true,"href":"https:\/\/sertv.gob.pa\/nacionalfm\/wp-json\/wp\/v2\/tags?post=69681"}],"curies":[{"name":"wp","href":"https:\/\/api.w.org\/{rel}","templated":true}]}}