{"id":69687,"date":"2021-06-03T16:48:33","date_gmt":"2021-06-03T16:48:33","guid":{"rendered":"https:\/\/sertv.gob.pa\/nacionalfm\/?p=69687"},"modified":"2021-06-03T16:48:33","modified_gmt":"2021-06-03T16:48:33","slug":"graban-a-una-manada-de-elefantes-deambulando-por-la-calle-en-china","status":"publish","type":"post","link":"https:\/\/sertv.gob.pa\/nacionalfm\/graban-a-una-manada-de-elefantes-deambulando-por-la-calle-en-china\/","title":{"rendered":"Graban a una manada de elefantes deambulando por la calle en China"},"content":{"rendered":"<p>Una\u00a0<a href=\"https:\/\/cnnespanol.cnn.com\/2021\/06\/02\/manada-elefantes-rastro-destruccion-500-kilometros-reserva-natural-china-trax\/\" target=\"_blank\" rel=\"noopener\">manada de elefantes salvajes ha caminado 500 km al norte desde una reserva natural en China<\/a>. Los animales llegaron a varias aldeas, donde provocaron p\u00e9rdidas por m\u00e1s de US$ 1 mill\u00f3n.<\/p>\n<p>Se desconoce el motivo de su migraci\u00f3n.<\/p>\n<p>&nbsp;<\/p>\n<p>Fuente: CNN<\/p>\n","protected":false},"excerpt":{"rendered":"<p>Una\u00a0manada de elefantes salvajes ha caminado 500 km al norte <a href=\"https:\/\/sertv.gob.pa\/nacionalfm\/graban-a-una-manada-de-elefantes-deambulando-por-la-calle-en-china\/\"> [&#8230;]<\/a><\/p>\n","protected":false},"author":9,"featured_media":69688,"comment_status":"closed","ping_status":"closed","sticky":false,"template":"","format":"standard","meta":{"footnotes":""},"categories":[3],"tags":[],"class_list":["post-69687","post","type-post","status-publish","format-standard","has-post-thumbnail","hentry","category-internacionales"],"_links":{"self":[{"href":"https:\/\/sertv.gob.pa\/nacionalfm\/wp-json\/wp\/v2\/posts\/69687","targetHints":{"allow":["GET"]}}],"collection":[{"href":"https:\/\/sertv.gob.pa\/nacionalfm\/wp-json\/wp\/v2\/posts"}],"about":[{"href":"https:\/\/sertv.gob.pa\/nacionalfm\/wp-json\/wp\/v2\/types\/post"}],"author":[{"embeddable":true,"href":"https:\/\/sertv.gob.pa\/nacionalfm\/wp-json\/wp\/v2\/users\/9"}],"replies":[{"embeddable":true,"href":"https:\/\/sertv.gob.pa\/nacionalfm\/wp-json\/wp\/v2\/comments?post=69687"}],"version-history":[{"count":1,"href":"https:\/\/sertv.gob.pa\/nacionalfm\/wp-json\/wp\/v2\/posts\/69687\/revisions"}],"predecessor-version":[{"id":69689,"href":"https:\/\/sertv.gob.pa\/nacionalfm\/wp-json\/wp\/v2\/posts\/69687\/revisions\/69689"}],"wp:featuredmedia":[{"embeddable":true,"href":"https:\/\/sertv.gob.pa\/nacionalfm\/wp-json\/wp\/v2\/media\/69688"}],"wp:attachment":[{"href":"https:\/\/sertv.gob.pa\/nacionalfm\/wp-json\/wp\/v2\/media?parent=69687"}],"wp:term":[{"taxonomy":"category","embeddable":true,"href":"https:\/\/sertv.gob.pa\/nacionalfm\/wp-json\/wp\/v2\/categories?post=69687"},{"taxonomy":"post_tag","embeddable":true,"href":"https:\/\/sertv.gob.pa\/nacionalfm\/wp-json\/wp\/v2\/tags?post=69687"}],"curies":[{"name":"wp","href":"https:\/\/api.w.org\/{rel}","templated":true}]}}