{"id":69736,"date":"2021-06-04T17:50:11","date_gmt":"2021-06-04T17:50:11","guid":{"rendered":"https:\/\/sertv.gob.pa\/nacionalfm\/?p=69736"},"modified":"2021-06-04T17:50:11","modified_gmt":"2021-06-04T17:50:11","slug":"colombia-registra-record-de-casos-y-muertes-por-covid-19","status":"publish","type":"post","link":"https:\/\/sertv.gob.pa\/nacionalfm\/colombia-registra-record-de-casos-y-muertes-por-covid-19\/","title":{"rendered":"Colombia registra r\u00e9cord de casos y muertes por covid-19"},"content":{"rendered":"<p><strong><em>(CNN Espa\u00f1ol) \u2014<\/em><\/strong><em>\u00a0<\/em><\/p>\n<p>Colombia registr\u00f3 este jueves un r\u00e9cord de casos y muertes por covid-19. El Ministerio de Salud confirm\u00f3 28.624 nuevos contagios y 545 fallecidos asociados a la enfermedad. De esta manera, el total de casos es de 3.488.046 y el de decesos, 90.353. Los recuperados ascienden a 3.242.060. Es el tercer d\u00eda consecutivo que el pa\u00eds sudamericano registra r\u00e9cord de contagios.<\/p>\n<p>Por su parte, el ministro de Salud Fernando Ruiz anunci\u00f3 este jueves que se tomaron una serie de medidas de cara a la reactivaci\u00f3n econ\u00f3mica programada a partir del 8 de junio. Entre las que se destacan: la eliminaci\u00f3n de Coronapp para vuelos nacionales, derogaci\u00f3n del requisito de prueba PCR para ingreso a\u00e9reo al pa\u00eds y la posibilidad de aforo en eventos masivos.<\/p>\n<p>Sin embargo, aclar\u00f3 que estas medidas no implican que la epidemia haya terminado. \u201cEstamos precisamente en el momento m\u00e1s duro del tercer pico y hay una probabilidad alta de que tengamos un cuarto o quinto pico\u00bb, advirti\u00f3 en un comunicado. Agreg\u00f3 que en la medida que haya mayor inmunidad natural y se avance en la vacunaci\u00f3n, la mortalidad se reducir\u00e1 \u201csignificativamente\u201d.<\/p>\n<p>&nbsp;<\/p>\n<p>Fuente: CNN<\/p>\n","protected":false},"excerpt":{"rendered":"<p>(CNN Espa\u00f1ol) \u2014\u00a0 Colombia registr\u00f3 este jueves un r\u00e9cord de <a href=\"https:\/\/sertv.gob.pa\/nacionalfm\/colombia-registra-record-de-casos-y-muertes-por-covid-19\/\"> [&#8230;]<\/a><\/p>\n","protected":false},"author":9,"featured_media":69737,"comment_status":"closed","ping_status":"closed","sticky":false,"template":"","format":"standard","meta":{"footnotes":""},"categories":[3],"tags":[],"class_list":["post-69736","post","type-post","status-publish","format-standard","has-post-thumbnail","hentry","category-internacionales"],"_links":{"self":[{"href":"https:\/\/sertv.gob.pa\/nacionalfm\/wp-json\/wp\/v2\/posts\/69736","targetHints":{"allow":["GET"]}}],"collection":[{"href":"https:\/\/sertv.gob.pa\/nacionalfm\/wp-json\/wp\/v2\/posts"}],"about":[{"href":"https:\/\/sertv.gob.pa\/nacionalfm\/wp-json\/wp\/v2\/types\/post"}],"author":[{"embeddable":true,"href":"https:\/\/sertv.gob.pa\/nacionalfm\/wp-json\/wp\/v2\/users\/9"}],"replies":[{"embeddable":true,"href":"https:\/\/sertv.gob.pa\/nacionalfm\/wp-json\/wp\/v2\/comments?post=69736"}],"version-history":[{"count":1,"href":"https:\/\/sertv.gob.pa\/nacionalfm\/wp-json\/wp\/v2\/posts\/69736\/revisions"}],"predecessor-version":[{"id":69738,"href":"https:\/\/sertv.gob.pa\/nacionalfm\/wp-json\/wp\/v2\/posts\/69736\/revisions\/69738"}],"wp:featuredmedia":[{"embeddable":true,"href":"https:\/\/sertv.gob.pa\/nacionalfm\/wp-json\/wp\/v2\/media\/69737"}],"wp:attachment":[{"href":"https:\/\/sertv.gob.pa\/nacionalfm\/wp-json\/wp\/v2\/media?parent=69736"}],"wp:term":[{"taxonomy":"category","embeddable":true,"href":"https:\/\/sertv.gob.pa\/nacionalfm\/wp-json\/wp\/v2\/categories?post=69736"},{"taxonomy":"post_tag","embeddable":true,"href":"https:\/\/sertv.gob.pa\/nacionalfm\/wp-json\/wp\/v2\/tags?post=69736"}],"curies":[{"name":"wp","href":"https:\/\/api.w.org\/{rel}","templated":true}]}}