{"id":69739,"date":"2021-06-04T18:54:57","date_gmt":"2021-06-04T18:54:57","guid":{"rendered":"https:\/\/sertv.gob.pa\/nacionalfm\/?p=69739"},"modified":"2021-06-04T18:54:57","modified_gmt":"2021-06-04T18:54:57","slug":"infecciones-por-vih-en-ee-uu-han-disminuido-un-73-desde-que-alcanzaron-su-punto-maximo-a-mediados-de-la-decada-de-1980-segun-los-cdc","status":"publish","type":"post","link":"https:\/\/sertv.gob.pa\/nacionalfm\/infecciones-por-vih-en-ee-uu-han-disminuido-un-73-desde-que-alcanzaron-su-punto-maximo-a-mediados-de-la-decada-de-1980-segun-los-cdc\/","title":{"rendered":"Infecciones por VIH en EE.UU. han disminuido un 73% desde que alcanzaron su punto m\u00e1ximo a mediados de la d\u00e9cada de 1980, seg\u00fan los CDC"},"content":{"rendered":"<p><strong><em>(CNN) \u2014<\/em><\/strong><em>\u00a0<\/em><\/p>\n<p>&nbsp;<\/p>\n<p>Han pasado cuarenta a\u00f1os desde que se identificaron los primeros casos de VIH, el virus que causa el sida. Desde entonces, se estima que se han producido 2,2 millones de nuevas infecciones en Estados Unidos entre personas de 13 a\u00f1os o m\u00e1s.<\/p>\n<p>Usando datos del Sistema Nacional de Vigilancia del VIH para estimar el n\u00famero anual de nuevas infecciones por ese virus en Estados Unidos entre 1981 y 2019, los investigadores de los Centros para el Control y la Prevenci\u00f3n de Enfermedades de Estados Unidos (CDC, por sus siglas en ingl\u00e9s) proporcionaron una instant\u00e1nea de c\u00f3mo la demograf\u00eda de la enfermedad cambi\u00f3. Los hallazgos fueron publicados este jueves en el Informe Semanal de Morbilidad y Mortalidad de los CDC.<\/p>\n<p>La incidencia anual estimada del VIH aument\u00f3 de 20.000 infecciones, en 1981, a un pico de 130.400 infecciones, en 1984 y 1985. Los casos de VIH permanecieron estables entre 1991 y 2007 con alrededor de 50.000-58.000 infecciones al a\u00f1o. El n\u00famero de infecciones ha disminuido en los \u00faltimos a\u00f1os. Los datos m\u00e1s recientes disponibles son de 2019, cuando hubo 34.800 nuevas infecciones.<\/p>\n<p>\u201cLas reducciones en la incidencia durante 1981\u20132019 probablemente reflejen una mayor disponibilidad y acceso a los diagn\u00f3sticos del VIH, incluida tecnolog\u00eda de laboratorio de alto rendimiento, pruebas en el lugar de atenci\u00f3n y kits de pruebas de venta libre; implementaci\u00f3n de pruebas de detecci\u00f3n del VIH y terapia antirretroviral de rutina independientemente del estado inmunol\u00f3gico o la etapa de la enfermedad; y esfuerzos program\u00e1ticos para aumentar el v\u00ednculo con la atenci\u00f3n, la reincorporaci\u00f3n a la atenci\u00f3n, el cambio de comportamiento, el uso de profilaxis previa y posterior a la exposici\u00f3n y los programas de servicios de jeringas\u201d, escribieron los autores.<\/p>\n<p>El informe encuentra que la mayor\u00eda de las infecciones siguen siendo atribuibles a la transmisi\u00f3n sexual de hombre a hombre: 63%, en 1981, y 41%, en 2019. El n\u00famero de casos de VIH por inyecci\u00f3n de drogas ha disminuido desde finales de la d\u00e9cada de 1980 en un 93%.<\/p>\n<p>Durante las \u00faltimas cuatro d\u00e9cadas, la proporci\u00f3n de infecciones entre las personas de raza negra ha aumentado. Las personas negras representaron el 29% de las infecciones, en 1981, y el 41%, en 2019. Las personas hispanas representaron el 16% de los casos, en 1981, y el 29%, en 2019. La proporci\u00f3n de infecciones en las personas blancas disminuy\u00f3 del 56%, en 1981, al 25%, en 2019.<\/p>\n<p>Si bien las mujeres generalmente tienen menos probabilidades de ser diagnosticadas con el VIH, la proporci\u00f3n de infecciones entre las mujeres se ha m\u00e1s que duplicado: del 8%, en 1981, al 18%, en 2019.<\/p>\n<p>\u201cUn factor importante en la reducci\u00f3n de la infecci\u00f3n por VIH ha sido la participaci\u00f3n de personas que tienen o est\u00e1n en riesgo de contraer el VIH, activistas comunitarios, cient\u00edficos, pol\u00edticos y funcionarios de salud p\u00fablica en la direcci\u00f3n de la respuesta nacional y comunitaria a esta epidemia\u201d, escribieron los autores. \u00abLa comunicaci\u00f3n y la colaboraci\u00f3n entre estos grupos ha dado como resultado una respuesta m\u00e1s s\u00f3lida, equitativa y eficaz\u00bb.<\/p>\n<p>&nbsp;<\/p>\n<p>Fuente: CNN<\/p>\n","protected":false},"excerpt":{"rendered":"<p>(CNN) \u2014\u00a0 &nbsp; Han pasado cuarenta a\u00f1os desde que se <a href=\"https:\/\/sertv.gob.pa\/nacionalfm\/infecciones-por-vih-en-ee-uu-han-disminuido-un-73-desde-que-alcanzaron-su-punto-maximo-a-mediados-de-la-decada-de-1980-segun-los-cdc\/\"> [&#8230;]<\/a><\/p>\n","protected":false},"author":9,"featured_media":69740,"comment_status":"closed","ping_status":"closed","sticky":false,"template":"","format":"standard","meta":{"footnotes":""},"categories":[3],"tags":[],"class_list":["post-69739","post","type-post","status-publish","format-standard","has-post-thumbnail","hentry","category-internacionales"],"_links":{"self":[{"href":"https:\/\/sertv.gob.pa\/nacionalfm\/wp-json\/wp\/v2\/posts\/69739","targetHints":{"allow":["GET"]}}],"collection":[{"href":"https:\/\/sertv.gob.pa\/nacionalfm\/wp-json\/wp\/v2\/posts"}],"about":[{"href":"https:\/\/sertv.gob.pa\/nacionalfm\/wp-json\/wp\/v2\/types\/post"}],"author":[{"embeddable":true,"href":"https:\/\/sertv.gob.pa\/nacionalfm\/wp-json\/wp\/v2\/users\/9"}],"replies":[{"embeddable":true,"href":"https:\/\/sertv.gob.pa\/nacionalfm\/wp-json\/wp\/v2\/comments?post=69739"}],"version-history":[{"count":1,"href":"https:\/\/sertv.gob.pa\/nacionalfm\/wp-json\/wp\/v2\/posts\/69739\/revisions"}],"predecessor-version":[{"id":69741,"href":"https:\/\/sertv.gob.pa\/nacionalfm\/wp-json\/wp\/v2\/posts\/69739\/revisions\/69741"}],"wp:featuredmedia":[{"embeddable":true,"href":"https:\/\/sertv.gob.pa\/nacionalfm\/wp-json\/wp\/v2\/media\/69740"}],"wp:attachment":[{"href":"https:\/\/sertv.gob.pa\/nacionalfm\/wp-json\/wp\/v2\/media?parent=69739"}],"wp:term":[{"taxonomy":"category","embeddable":true,"href":"https:\/\/sertv.gob.pa\/nacionalfm\/wp-json\/wp\/v2\/categories?post=69739"},{"taxonomy":"post_tag","embeddable":true,"href":"https:\/\/sertv.gob.pa\/nacionalfm\/wp-json\/wp\/v2\/tags?post=69739"}],"curies":[{"name":"wp","href":"https:\/\/api.w.org\/{rel}","templated":true}]}}