{"id":69797,"date":"2021-06-07T18:17:06","date_gmt":"2021-06-07T18:17:06","guid":{"rendered":"https:\/\/sertv.gob.pa\/nacionalfm\/?p=69797"},"modified":"2021-06-07T18:17:06","modified_gmt":"2021-06-07T18:17:06","slug":"el-petroleo-estadounidense-alcanza-los-70-dolares-por-primera-vez-en-casi-tres-anos","status":"publish","type":"post","link":"https:\/\/sertv.gob.pa\/nacionalfm\/el-petroleo-estadounidense-alcanza-los-70-dolares-por-primera-vez-en-casi-tres-anos\/","title":{"rendered":"El petr\u00f3leo estadounidense alcanza los 70 d\u00f3lares por primera vez en casi tres a\u00f1os"},"content":{"rendered":"<p><strong><em>Nueva York (CNN Business) \u2014<\/em><\/strong><\/p>\n<p><strong>\u00a0<\/strong><\/p>\n<p>Los precios del petr\u00f3leo en Estados Unidos alcanzaron los 70 d\u00f3lares por barril el domingo, por primera vez en casi tres a\u00f1os.<\/p>\n<p>Si bien los precios ahora ya se han alejado un poco de ese hito (el West Texas Intermediate se cotiz\u00f3 por \u00faltima vez a US$ 69,30 por barril), esto todav\u00eda subraya el\u00a0<a href=\"https:\/\/cnnespanol.cnn.com\/video\/precio-petroleo-aumenta-demanda-impacto-inflacion-precios-consumo-intv-xavier-serbia-cnn-dinero\/\" target=\"_blank\" rel=\"noopener\">dram\u00e1tico repunte<\/a>\u00a0de los precios de los energ\u00e9ticos despu\u00e9s de que el crudo cayera\u00a0<a href=\"https:\/\/cnn.it\/2ypj3yF\" target=\"_blank\" rel=\"noopener\">por debajo de cero<\/a>, algo sin precedentes, en abril de 2020.<\/p>\n<p>La \u00faltima vez que el contrato de petr\u00f3leo de referencia de EE.UU. se negoci\u00f3 por encima de los US$ 70 fue en octubre de 2018.<\/p>\n<p>Este regreso ha sido impulsado por la recuperaci\u00f3n de la demanda de gasolina y combustible para aviones a medida que la pandemia disminuye y la econom\u00eda vuelve a la vida. La OPEP y Rusia tambi\u00e9n contin\u00faan restringiendo el suministro de crudo, aunque planean bombear m\u00e1s en los pr\u00f3ximos meses.<\/p>\n<p>\u00abUna mejora en el n\u00famero de casos de covid-19 en India y la recuperaci\u00f3n en curso en EE.UU. y Europa antes de su verano est\u00e1n respaldando los precios\u00bb, escribi\u00f3 Jeffrey Halley, analista senior de mercado para Asia Pac\u00edfico en Oanda, en una nota el lunes. \u00abLa OPEP+ se contenta con posponer los retoques en sus objetivos de producci\u00f3n por ahora\u00bb.<\/p>\n<p>Mientras tanto, los estadounidenses contin\u00faan pagando m\u00e1s en la bomba de gasolina. El gal\u00f3n promedio del combustible regular alcanz\u00f3 los US$ 3,05 el domingo, frente a los US$ 2,02 de hace un a\u00f1o.<\/p>\n<p>Los futuros del crudo Brent tambi\u00e9n han aumentado dr\u00e1sticamente en los \u00faltimos meses. El \u00edndice de referencia global alcanz\u00f3 por \u00faltima vez US$ 71,49 y se cotiza a sus niveles m\u00e1s altos desde mayo de 2019.<\/p>\n<p>&nbsp;<\/p>\n<p>Fuente: CNN<\/p>\n","protected":false},"excerpt":{"rendered":"<p>Nueva York (CNN Business) \u2014 \u00a0 Los precios del petr\u00f3leo <a href=\"https:\/\/sertv.gob.pa\/nacionalfm\/el-petroleo-estadounidense-alcanza-los-70-dolares-por-primera-vez-en-casi-tres-anos\/\"> [&#8230;]<\/a><\/p>\n","protected":false},"author":9,"featured_media":69798,"comment_status":"closed","ping_status":"closed","sticky":false,"template":"","format":"standard","meta":{"footnotes":""},"categories":[3],"tags":[],"class_list":["post-69797","post","type-post","status-publish","format-standard","has-post-thumbnail","hentry","category-internacionales"],"_links":{"self":[{"href":"https:\/\/sertv.gob.pa\/nacionalfm\/wp-json\/wp\/v2\/posts\/69797","targetHints":{"allow":["GET"]}}],"collection":[{"href":"https:\/\/sertv.gob.pa\/nacionalfm\/wp-json\/wp\/v2\/posts"}],"about":[{"href":"https:\/\/sertv.gob.pa\/nacionalfm\/wp-json\/wp\/v2\/types\/post"}],"author":[{"embeddable":true,"href":"https:\/\/sertv.gob.pa\/nacionalfm\/wp-json\/wp\/v2\/users\/9"}],"replies":[{"embeddable":true,"href":"https:\/\/sertv.gob.pa\/nacionalfm\/wp-json\/wp\/v2\/comments?post=69797"}],"version-history":[{"count":1,"href":"https:\/\/sertv.gob.pa\/nacionalfm\/wp-json\/wp\/v2\/posts\/69797\/revisions"}],"predecessor-version":[{"id":69799,"href":"https:\/\/sertv.gob.pa\/nacionalfm\/wp-json\/wp\/v2\/posts\/69797\/revisions\/69799"}],"wp:featuredmedia":[{"embeddable":true,"href":"https:\/\/sertv.gob.pa\/nacionalfm\/wp-json\/wp\/v2\/media\/69798"}],"wp:attachment":[{"href":"https:\/\/sertv.gob.pa\/nacionalfm\/wp-json\/wp\/v2\/media?parent=69797"}],"wp:term":[{"taxonomy":"category","embeddable":true,"href":"https:\/\/sertv.gob.pa\/nacionalfm\/wp-json\/wp\/v2\/categories?post=69797"},{"taxonomy":"post_tag","embeddable":true,"href":"https:\/\/sertv.gob.pa\/nacionalfm\/wp-json\/wp\/v2\/tags?post=69797"}],"curies":[{"name":"wp","href":"https:\/\/api.w.org\/{rel}","templated":true}]}}