{"id":6982,"date":"2015-08-25T19:03:10","date_gmt":"2015-08-25T19:03:10","guid":{"rendered":""},"modified":"2015-08-25T19:03:10","modified_gmt":"2015-08-25T19:03:10","slug":"evolucion-de-sobrevivientes-del-ebola-es-investigada","status":"publish","type":"post","link":"https:\/\/sertv.gob.pa\/nacionalfm\/evolucion-de-sobrevivientes-del-ebola-es-investigada\/","title":{"rendered":"Evoluci\u00f3n de sobrevivientes del \u00e9bola es investigada"},"content":{"rendered":"<p>\nLos persistentes problemas de salud que aquejan a muchos de los casi 13,000 sobrevivientes del virus del \u00e9bola han alarmado a funcionarios de organizaciones internacionales de salud y de hospitales locales, que se pusieron a la tarea de investigar cu\u00e1n masivo es el problema y c\u00f3mo remediarlo.\u00a0 <\/p>\n<p>La Organizaci\u00f3n Mundial de la Salud lo llama un estado de emergencia dentro de un estado de emergencia. Muchos de los sobrevivientes tienen problemas de visi\u00f3n o audici\u00f3n. Otros padecen de dolores f\u00edsicos y emocionales, fatiga y otros problemas.\u00a0 <\/p>\n<p>Lo cierto es que la comunidad m\u00e9dica est\u00e1 navegando en aguas desconocidas, pues se trata de medir la magnitud de un nuevo problema, que es el resultado del mayor brote epid\u00e9mico de \u00e9bola en la historia de la humanidad.\u00a0 <\/p>\n<p>\u00a0 <\/p>\n","protected":false},"excerpt":{"rendered":"<p>Los persistentes problemas de salud que aquejan a muchos de <a href=\"https:\/\/sertv.gob.pa\/nacionalfm\/evolucion-de-sobrevivientes-del-ebola-es-investigada\/\"> [&#8230;]<\/a><\/p>\n","protected":false},"author":1,"featured_media":6983,"comment_status":"closed","ping_status":"closed","sticky":false,"template":"","format":"standard","meta":{"footnotes":""},"categories":[5],"tags":[],"class_list":["post-6982","post","type-post","status-publish","format-standard","has-post-thumbnail","hentry","category-salud"],"_links":{"self":[{"href":"https:\/\/sertv.gob.pa\/nacionalfm\/wp-json\/wp\/v2\/posts\/6982","targetHints":{"allow":["GET"]}}],"collection":[{"href":"https:\/\/sertv.gob.pa\/nacionalfm\/wp-json\/wp\/v2\/posts"}],"about":[{"href":"https:\/\/sertv.gob.pa\/nacionalfm\/wp-json\/wp\/v2\/types\/post"}],"author":[{"embeddable":true,"href":"https:\/\/sertv.gob.pa\/nacionalfm\/wp-json\/wp\/v2\/users\/1"}],"replies":[{"embeddable":true,"href":"https:\/\/sertv.gob.pa\/nacionalfm\/wp-json\/wp\/v2\/comments?post=6982"}],"version-history":[{"count":0,"href":"https:\/\/sertv.gob.pa\/nacionalfm\/wp-json\/wp\/v2\/posts\/6982\/revisions"}],"wp:featuredmedia":[{"embeddable":true,"href":"https:\/\/sertv.gob.pa\/nacionalfm\/wp-json\/wp\/v2\/media\/6983"}],"wp:attachment":[{"href":"https:\/\/sertv.gob.pa\/nacionalfm\/wp-json\/wp\/v2\/media?parent=6982"}],"wp:term":[{"taxonomy":"category","embeddable":true,"href":"https:\/\/sertv.gob.pa\/nacionalfm\/wp-json\/wp\/v2\/categories?post=6982"},{"taxonomy":"post_tag","embeddable":true,"href":"https:\/\/sertv.gob.pa\/nacionalfm\/wp-json\/wp\/v2\/tags?post=6982"}],"curies":[{"name":"wp","href":"https:\/\/api.w.org\/{rel}","templated":true}]}}