{"id":69867,"date":"2021-06-08T18:06:03","date_gmt":"2021-06-08T18:06:03","guid":{"rendered":"https:\/\/sertv.gob.pa\/nacionalfm\/?p=69867"},"modified":"2021-06-08T18:06:03","modified_gmt":"2021-06-08T18:06:03","slug":"comision-interamericana-de-derechos-humanos-comienza-su-visita-oficial-en-colombia-este-martes","status":"publish","type":"post","link":"https:\/\/sertv.gob.pa\/nacionalfm\/comision-interamericana-de-derechos-humanos-comienza-su-visita-oficial-en-colombia-este-martes\/","title":{"rendered":"Comisi\u00f3n Interamericana de Derechos Humanos comienza su visita oficial en Colombia este martes"},"content":{"rendered":"<p><strong><em>(CNN Espa\u00f1ol) \u2014\u00a0<\/em><\/strong><\/p>\n<p><strong>\u00a0<\/strong><\/p>\n<p>La presidenta de la Comisi\u00f3n Interamericana de Derechos Humanos (CIDH), Antonia Urrejola, inform\u00f3 a trav\u00e9s de un comunicado que este martes 8 de junio comienza oficialmente la visita de trabajo a Colombia donde observar\u00e1 la situaci\u00f3n de derechos humanos en el marco de las protestas que se est\u00e1n viviendo en el pa\u00eds.<\/p>\n<p>&nbsp;<\/p>\n<p>La visita concluir\u00e1 el 10 de junio.<\/p>\n<p>&nbsp;<\/p>\n<p>La delegaci\u00f3n est\u00e1 liderada por la comisionada Urrejola e integrada por los comisionados Joel Hern\u00e1ndez y Stuardo Ral\u00f3n; con el apoyo de la secretaria ejecutiva, Tania Reneaum Panszi; la secretaria ejecutiva adjunta de Monitoreo, Cooperaci\u00f3n T\u00e9cnica y Capacitaci\u00f3n, Mar\u00eda Claudia Pulido; el relator especial para la libertad de expresi\u00f3n, Pedro Vaca; y personas del equipo t\u00e9cnico de la Secretar\u00eda Ejecutiva.<\/p>\n<p>Urrejola a\u00f1adi\u00f3 que, durante la visita de trabajo en Colombia, la CIDH se reunir\u00e1 con diversos sectores, incluyendo autoridades oficiales del poder ejecutivo, legislativo y judicial; representantes de organizaciones de la sociedad civil, colectivos, agrupaciones, sindicatos y otros representantes de sectores afectados por las protestas.<\/p>\n<p>La CIDH agreg\u00f3 que se buscar\u00e1 principalmente escuchar a las v\u00edctimas de violaciones a los derechos humanos y sus familiares para recibir testimonios, denuncias y comunicaciones, las cuales se deber\u00e1n enviar a trav\u00e9s del portal oficial de la CIDH.<\/p>\n<p>Urrejola inform\u00f3 adem\u00e1s que, previo al comienzo de la visita oficial, tuvo una reuni\u00f3n con la canciller, Marta Luc\u00eda Ram\u00edrez, el fiscal general, Francisco Barbosa, y el defensor del Pueblo, Carlos Camargo.<\/p>\n<p>Por su parte, Camargo inform\u00f3 que se recibi\u00f3 una visita t\u00e9cnica donde la Defensor\u00eda present\u00f3 un informe sobre las distintas cifras que tiene la oficina y las denuncias que se han hecho a las autoridades.<\/p>\n<p>El fiscal Barbosa, por medio de un comunicado, dijo que la reuni\u00f3n con la CIDH fue \u201cmuy importante\u201d.<\/p>\n<p>Resalt\u00f3 que la visita es muy importante para Colombia y que entreg\u00f3 a la CIDH todo el balance de las manifestaciones y el trabajo judicial de la Fiscal\u00eda en el marco de las protestas que se est\u00e1n viviendo el pa\u00eds desde el 28 de abril.<\/p>\n<p>Urrejola concluy\u00f3 su intervenci\u00f3n en rueda de prensa diciendo que \u201cconcluida la visita de trabajo, se analizar\u00e1 toda la informaci\u00f3n recibida, y se emitir\u00e1 una declaraci\u00f3n p\u00fablica que contendr\u00e1 observaciones y recomendaciones que buscan colaborar al fortalecimiento de la institucionalidad en derechos humanos\u00bb.<\/p>\n<p>&nbsp;<\/p>\n<p>Fuente: CNN<\/p>\n<p>&nbsp;<\/p>\n<p>&nbsp;<\/p>\n","protected":false},"excerpt":{"rendered":"<p>(CNN Espa\u00f1ol) \u2014\u00a0 \u00a0 La presidenta de la Comisi\u00f3n Interamericana <a href=\"https:\/\/sertv.gob.pa\/nacionalfm\/comision-interamericana-de-derechos-humanos-comienza-su-visita-oficial-en-colombia-este-martes\/\"> [&#8230;]<\/a><\/p>\n","protected":false},"author":9,"featured_media":69868,"comment_status":"closed","ping_status":"closed","sticky":false,"template":"","format":"standard","meta":{"footnotes":""},"categories":[3],"tags":[],"class_list":["post-69867","post","type-post","status-publish","format-standard","has-post-thumbnail","hentry","category-internacionales"],"_links":{"self":[{"href":"https:\/\/sertv.gob.pa\/nacionalfm\/wp-json\/wp\/v2\/posts\/69867","targetHints":{"allow":["GET"]}}],"collection":[{"href":"https:\/\/sertv.gob.pa\/nacionalfm\/wp-json\/wp\/v2\/posts"}],"about":[{"href":"https:\/\/sertv.gob.pa\/nacionalfm\/wp-json\/wp\/v2\/types\/post"}],"author":[{"embeddable":true,"href":"https:\/\/sertv.gob.pa\/nacionalfm\/wp-json\/wp\/v2\/users\/9"}],"replies":[{"embeddable":true,"href":"https:\/\/sertv.gob.pa\/nacionalfm\/wp-json\/wp\/v2\/comments?post=69867"}],"version-history":[{"count":1,"href":"https:\/\/sertv.gob.pa\/nacionalfm\/wp-json\/wp\/v2\/posts\/69867\/revisions"}],"predecessor-version":[{"id":69869,"href":"https:\/\/sertv.gob.pa\/nacionalfm\/wp-json\/wp\/v2\/posts\/69867\/revisions\/69869"}],"wp:featuredmedia":[{"embeddable":true,"href":"https:\/\/sertv.gob.pa\/nacionalfm\/wp-json\/wp\/v2\/media\/69868"}],"wp:attachment":[{"href":"https:\/\/sertv.gob.pa\/nacionalfm\/wp-json\/wp\/v2\/media?parent=69867"}],"wp:term":[{"taxonomy":"category","embeddable":true,"href":"https:\/\/sertv.gob.pa\/nacionalfm\/wp-json\/wp\/v2\/categories?post=69867"},{"taxonomy":"post_tag","embeddable":true,"href":"https:\/\/sertv.gob.pa\/nacionalfm\/wp-json\/wp\/v2\/tags?post=69867"}],"curies":[{"name":"wp","href":"https:\/\/api.w.org\/{rel}","templated":true}]}}