{"id":69904,"date":"2021-06-09T17:23:46","date_gmt":"2021-06-09T17:23:46","guid":{"rendered":"https:\/\/sertv.gob.pa\/nacionalfm\/?p=69904"},"modified":"2021-06-09T17:23:46","modified_gmt":"2021-06-09T17:23:46","slug":"jose-adan-aguerri-quinto-lider-opositor-detenido-en-nicaragua-en-lo-que-expresidenta-costarricense-llama-una-noche-de-los-cuchillos-largos-en-version-tropical","status":"publish","type":"post","link":"https:\/\/sertv.gob.pa\/nacionalfm\/jose-adan-aguerri-quinto-lider-opositor-detenido-en-nicaragua-en-lo-que-expresidenta-costarricense-llama-una-noche-de-los-cuchillos-largos-en-version-tropical\/","title":{"rendered":"Jos\u00e9 Ad\u00e1n Aguerri, quinto l\u00edder opositor detenido en Nicaragua en lo que expresidenta costarricense llama \u00abuna noche de los cuchillos largos en versi\u00f3n tropical\u00bb"},"content":{"rendered":"<p><strong><em>(CNN Espa\u00f1ol) \u2014\u00a0<\/em><\/strong><\/p>\n<p><strong>\u00a0<\/strong><\/p>\n<p>La Polic\u00eda Nacional de Nicaragua detuvo al l\u00edder opositor Jos\u00e9 Ad\u00e1n Aguerri el martes por la noche local seg\u00fan un comunicado policial. La detenci\u00f3n de Aguerri lo convierte en el quinto l\u00edder de la oposici\u00f3n en ser detenido en menos de una semana antes de las elecciones generales de noviembre.<\/p>\n<p>Aguerri es un conocido empresario en Nicaragua y expresidente del Consejo Superior de la Empresa Privada (COSEP).<\/p>\n<p>La detenci\u00f3n, seg\u00fan el comunicado de la Polic\u00eda, se hizo por \u201crealizar actos que atentan contra la independencia, soberan\u00eda y autodeterminaci\u00f3n, incitar a injerencias extranjeras en los asuntos internos, solicitar intervenciones militares, organizar con financiamiento de potencias extranjeras para llevar a cabo actos de terrorismo y desestabilizaci\u00f3n, proponer y gestionar bloqueos econ\u00f3micos, comerciales y financieros de operaciones contra el pa\u00eds y sus instituciones, exigir, exaltar y aplaudir la imposici\u00f3n de sanciones contra el Estado de Nicaragua y sus ciudadanos, y lesionar los intereses supremos de la naci\u00f3n\u00bb.<\/p>\n<p>CNN no ha podido comunicarse con el equipo legal de Aguerri para obtener una respuesta.<\/p>\n<p>Cuando surgieron informes el martes por la noche de que Aguerri y otros l\u00edderes de la oposici\u00f3n estaban detenidos, la expresidenta costarricense Laura Chinchilla escribi\u00f3 en Twitter: \u00abEs una noche de los cuchillos largos en versi\u00f3n tropical\u00bb.<\/p>\n<p>La subsecretaria interina de la Oficina de Asuntos del Hemisferio Occidental del Departamento de Estado de EE.UU., Julie Chung, dijo que las detenciones exig\u00edan \u00abuna respuesta internacional urgente\u00bb.<\/p>\n<p>Chung tuite\u00f3: \u00abEl r\u00e9gimen de Ortega es responsable del bienestar de los detenidos. Deben ser liberados de inmediato\u00bb.<\/p>\n<p>&nbsp;<\/p>\n<p>Fuente: CNN<\/p>\n","protected":false},"excerpt":{"rendered":"<p>(CNN Espa\u00f1ol) \u2014\u00a0 \u00a0 La Polic\u00eda Nacional de Nicaragua detuvo <a href=\"https:\/\/sertv.gob.pa\/nacionalfm\/jose-adan-aguerri-quinto-lider-opositor-detenido-en-nicaragua-en-lo-que-expresidenta-costarricense-llama-una-noche-de-los-cuchillos-largos-en-version-tropical\/\"> [&#8230;]<\/a><\/p>\n","protected":false},"author":9,"featured_media":69905,"comment_status":"closed","ping_status":"closed","sticky":false,"template":"","format":"standard","meta":{"footnotes":""},"categories":[3],"tags":[],"class_list":["post-69904","post","type-post","status-publish","format-standard","has-post-thumbnail","hentry","category-internacionales"],"_links":{"self":[{"href":"https:\/\/sertv.gob.pa\/nacionalfm\/wp-json\/wp\/v2\/posts\/69904","targetHints":{"allow":["GET"]}}],"collection":[{"href":"https:\/\/sertv.gob.pa\/nacionalfm\/wp-json\/wp\/v2\/posts"}],"about":[{"href":"https:\/\/sertv.gob.pa\/nacionalfm\/wp-json\/wp\/v2\/types\/post"}],"author":[{"embeddable":true,"href":"https:\/\/sertv.gob.pa\/nacionalfm\/wp-json\/wp\/v2\/users\/9"}],"replies":[{"embeddable":true,"href":"https:\/\/sertv.gob.pa\/nacionalfm\/wp-json\/wp\/v2\/comments?post=69904"}],"version-history":[{"count":1,"href":"https:\/\/sertv.gob.pa\/nacionalfm\/wp-json\/wp\/v2\/posts\/69904\/revisions"}],"predecessor-version":[{"id":69906,"href":"https:\/\/sertv.gob.pa\/nacionalfm\/wp-json\/wp\/v2\/posts\/69904\/revisions\/69906"}],"wp:featuredmedia":[{"embeddable":true,"href":"https:\/\/sertv.gob.pa\/nacionalfm\/wp-json\/wp\/v2\/media\/69905"}],"wp:attachment":[{"href":"https:\/\/sertv.gob.pa\/nacionalfm\/wp-json\/wp\/v2\/media?parent=69904"}],"wp:term":[{"taxonomy":"category","embeddable":true,"href":"https:\/\/sertv.gob.pa\/nacionalfm\/wp-json\/wp\/v2\/categories?post=69904"},{"taxonomy":"post_tag","embeddable":true,"href":"https:\/\/sertv.gob.pa\/nacionalfm\/wp-json\/wp\/v2\/tags?post=69904"}],"curies":[{"name":"wp","href":"https:\/\/api.w.org\/{rel}","templated":true}]}}