{"id":69907,"date":"2021-06-09T17:44:53","date_gmt":"2021-06-09T17:44:53","guid":{"rendered":"https:\/\/sertv.gob.pa\/nacionalfm\/?p=69907"},"modified":"2021-06-09T17:44:53","modified_gmt":"2021-06-09T17:44:53","slug":"emma-coronel-la-esposa-de-joaquin-el-chapo-guzman-se-declararia-culpable","status":"publish","type":"post","link":"https:\/\/sertv.gob.pa\/nacionalfm\/emma-coronel-la-esposa-de-joaquin-el-chapo-guzman-se-declararia-culpable\/","title":{"rendered":"Emma Coronel, la esposa de Joaqu\u00edn \u00abEl Chapo\u00bb Guzm\u00e1n, se declarar\u00eda culpable"},"content":{"rendered":"<p><strong><em>\u00a0<\/em><\/strong><\/p>\n<p><strong><em>(CNN Espa\u00f1ol) \u2014\u00a0<\/em><\/strong><\/p>\n<p>&nbsp;<\/p>\n<p>Emma Coronel Aispuro, la esposa de Joaqu\u00edn \u201cEl Chapo\u201d Guzm\u00e1n Loera, se declarar\u00eda culpable de cargos de narcotr\u00e1fico ante una corte federal en Washington este jueves, seg\u00fan reporta\u00a0<em>The New York Times<\/em>.<\/p>\n<p>La abogada de Emma Coronel, Mariel Col\u00f3n, le dijo la semana pasada a Univisi\u00f3n Noticias, cadena afiliada de CNN, que Coronel buscar\u00eda llegar a un acuerdo con los fiscales estadounidenses. \u201cEstamos tratando de ver c\u00f3mo logramos un acuerdo de culpabilidad, pero no incluir\u00eda cooperaci\u00f3n con las autoridades\u201d, dijo Col\u00f3n.<\/p>\n<p>Coronel permanece en una prisi\u00f3n de Virginia desde febrero de este a\u00f1o, y seg\u00fan el Departamento de Justicia de Estados Unidos enfrenta cargos relacionados con su presunta participaci\u00f3n en el tr\u00e1fico internacional de drogas.<\/p>\n<p>El Chapo Guzm\u00e1n fue condenado en 2019 a cadena perpetua m\u00e1s 30 a\u00f1os bajo 10 cargos, entre ellos de narcotr\u00e1fico, lavado de dinero y conspiraci\u00f3n para asesinar.<\/p>\n<p>&nbsp;<\/p>\n<p>Fuente: CNN<\/p>\n","protected":false},"excerpt":{"rendered":"<p>\u00a0 (CNN Espa\u00f1ol) \u2014\u00a0 &nbsp; Emma Coronel Aispuro, la esposa <a href=\"https:\/\/sertv.gob.pa\/nacionalfm\/emma-coronel-la-esposa-de-joaquin-el-chapo-guzman-se-declararia-culpable\/\"> [&#8230;]<\/a><\/p>\n","protected":false},"author":9,"featured_media":69908,"comment_status":"closed","ping_status":"closed","sticky":false,"template":"","format":"standard","meta":{"footnotes":""},"categories":[3],"tags":[],"class_list":["post-69907","post","type-post","status-publish","format-standard","has-post-thumbnail","hentry","category-internacionales"],"_links":{"self":[{"href":"https:\/\/sertv.gob.pa\/nacionalfm\/wp-json\/wp\/v2\/posts\/69907","targetHints":{"allow":["GET"]}}],"collection":[{"href":"https:\/\/sertv.gob.pa\/nacionalfm\/wp-json\/wp\/v2\/posts"}],"about":[{"href":"https:\/\/sertv.gob.pa\/nacionalfm\/wp-json\/wp\/v2\/types\/post"}],"author":[{"embeddable":true,"href":"https:\/\/sertv.gob.pa\/nacionalfm\/wp-json\/wp\/v2\/users\/9"}],"replies":[{"embeddable":true,"href":"https:\/\/sertv.gob.pa\/nacionalfm\/wp-json\/wp\/v2\/comments?post=69907"}],"version-history":[{"count":1,"href":"https:\/\/sertv.gob.pa\/nacionalfm\/wp-json\/wp\/v2\/posts\/69907\/revisions"}],"predecessor-version":[{"id":69910,"href":"https:\/\/sertv.gob.pa\/nacionalfm\/wp-json\/wp\/v2\/posts\/69907\/revisions\/69910"}],"wp:featuredmedia":[{"embeddable":true,"href":"https:\/\/sertv.gob.pa\/nacionalfm\/wp-json\/wp\/v2\/media\/69908"}],"wp:attachment":[{"href":"https:\/\/sertv.gob.pa\/nacionalfm\/wp-json\/wp\/v2\/media?parent=69907"}],"wp:term":[{"taxonomy":"category","embeddable":true,"href":"https:\/\/sertv.gob.pa\/nacionalfm\/wp-json\/wp\/v2\/categories?post=69907"},{"taxonomy":"post_tag","embeddable":true,"href":"https:\/\/sertv.gob.pa\/nacionalfm\/wp-json\/wp\/v2\/tags?post=69907"}],"curies":[{"name":"wp","href":"https:\/\/api.w.org\/{rel}","templated":true}]}}