{"id":69947,"date":"2021-06-10T14:47:15","date_gmt":"2021-06-10T14:47:15","guid":{"rendered":"https:\/\/sertv.gob.pa\/nacionalfm\/?p=69947"},"modified":"2021-06-10T14:47:15","modified_gmt":"2021-06-10T14:47:15","slug":"veraguas-planifica-centro-de-vacunacion-en-feria-de-sona","status":"publish","type":"post","link":"https:\/\/sertv.gob.pa\/nacionalfm\/veraguas-planifica-centro-de-vacunacion-en-feria-de-sona\/","title":{"rendered":"Veraguas planifica centro de vacunaci\u00f3n en Feria de Son\u00e1"},"content":{"rendered":"<p>El equipo PanavaC-Veraguas, liderizado por Manuel Castillo Melamed, Gobernador de la provincia, se reuni\u00f3 con autoridades del distrito de Son\u00e1, a fin de coordinar la instalaci\u00f3n de un puesto para la aplicaci\u00f3n de la vacuna contra la COVID-19 de la casa farmac\u00e9utica AstraZeneca en este distrito, se espera iniciar con esta estrategia, el viernes, 11 de junio.<\/p>\n<p>Cabe mencionar, que acorde a lo estipulado, el punto estar\u00e1 ubicado en los terrenos de la Feria de Son\u00e1, lateral al centro de presentaciones.<\/p>\n<p>&nbsp;<\/p>\n<p>Fuente: MINSA<\/p>\n","protected":false},"excerpt":{"rendered":"<p>El equipo PanavaC-Veraguas, liderizado por Manuel Castillo Melamed, Gobernador de <a href=\"https:\/\/sertv.gob.pa\/nacionalfm\/veraguas-planifica-centro-de-vacunacion-en-feria-de-sona\/\"> [&#8230;]<\/a><\/p>\n","protected":false},"author":9,"featured_media":69949,"comment_status":"closed","ping_status":"closed","sticky":false,"template":"","format":"standard","meta":{"footnotes":""},"categories":[5],"tags":[],"class_list":["post-69947","post","type-post","status-publish","format-standard","has-post-thumbnail","hentry","category-salud"],"_links":{"self":[{"href":"https:\/\/sertv.gob.pa\/nacionalfm\/wp-json\/wp\/v2\/posts\/69947","targetHints":{"allow":["GET"]}}],"collection":[{"href":"https:\/\/sertv.gob.pa\/nacionalfm\/wp-json\/wp\/v2\/posts"}],"about":[{"href":"https:\/\/sertv.gob.pa\/nacionalfm\/wp-json\/wp\/v2\/types\/post"}],"author":[{"embeddable":true,"href":"https:\/\/sertv.gob.pa\/nacionalfm\/wp-json\/wp\/v2\/users\/9"}],"replies":[{"embeddable":true,"href":"https:\/\/sertv.gob.pa\/nacionalfm\/wp-json\/wp\/v2\/comments?post=69947"}],"version-history":[{"count":1,"href":"https:\/\/sertv.gob.pa\/nacionalfm\/wp-json\/wp\/v2\/posts\/69947\/revisions"}],"predecessor-version":[{"id":69950,"href":"https:\/\/sertv.gob.pa\/nacionalfm\/wp-json\/wp\/v2\/posts\/69947\/revisions\/69950"}],"wp:featuredmedia":[{"embeddable":true,"href":"https:\/\/sertv.gob.pa\/nacionalfm\/wp-json\/wp\/v2\/media\/69949"}],"wp:attachment":[{"href":"https:\/\/sertv.gob.pa\/nacionalfm\/wp-json\/wp\/v2\/media?parent=69947"}],"wp:term":[{"taxonomy":"category","embeddable":true,"href":"https:\/\/sertv.gob.pa\/nacionalfm\/wp-json\/wp\/v2\/categories?post=69947"},{"taxonomy":"post_tag","embeddable":true,"href":"https:\/\/sertv.gob.pa\/nacionalfm\/wp-json\/wp\/v2\/tags?post=69947"}],"curies":[{"name":"wp","href":"https:\/\/api.w.org\/{rel}","templated":true}]}}