{"id":69970,"date":"2021-06-10T17:19:58","date_gmt":"2021-06-10T17:19:58","guid":{"rendered":"https:\/\/sertv.gob.pa\/nacionalfm\/?p=69970"},"modified":"2021-06-10T17:19:58","modified_gmt":"2021-06-10T17:19:58","slug":"tasas-de-personas-negras-e-hispanas-siguen-siendo-muy-bajas-entre-vacunados-contra-el-covid-19-en-ee-uu-segun-analisis","status":"publish","type":"post","link":"https:\/\/sertv.gob.pa\/nacionalfm\/tasas-de-personas-negras-e-hispanas-siguen-siendo-muy-bajas-entre-vacunados-contra-el-covid-19-en-ee-uu-segun-analisis\/","title":{"rendered":"Tasas de personas negras e hispanas siguen siendo muy bajas entre vacunados contra el covid-19 en EE.UU., seg\u00fan an\u00e1lisis"},"content":{"rendered":"<p><strong>\u00a0<\/strong><\/p>\n<p><strong><em>(CNN) \u2014<\/em><\/strong><\/p>\n<p>&nbsp;<\/p>\n<p>Si bien las disparidades raciales y \u00e9tnicas en la vacunaci\u00f3n contra el covid-19 han mejorado en Estados Unidos, las personas negras e hispanas siguen estando subrepresentadas entre los vacunados, seg\u00fan un an\u00e1lisis publicado este mi\u00e9rcoles por la Kaiser Family Foundation (KFF).<\/p>\n<p>Las personas de raza negra representan el 12% de la poblaci\u00f3n de Estados Unidos, pero solo el 9% de esas personas han recibido al menos una dosis de la vacuna contra el covid-19. Los hispanos representan el 17% de la poblaci\u00f3n del pa\u00eds, pero solo el 15% han recibido al menos una dosis de la vacuna.<\/p>\n<p>Esta tendencia es cierta en la mayor\u00eda de los estados, seg\u00fan KFF, aunque el \u201ctama\u00f1o de estas diferencias var\u00eda entre los estados y el n\u00famero de estados donde la proporci\u00f3n de vacunas recibidas por personas negras e hispanas es m\u00e1s proporcional a su proporci\u00f3n de la poblaci\u00f3n total y \/ o su proporci\u00f3n de casos o muertes en el estado est\u00e1 creciendo\u00bb.<\/p>\n<p>Durante las \u00faltimas dos semanas, el equilibrio racial y \u00e9tnico de quienes iniciaron la vacunaci\u00f3n ha cambiado, y los blancos representan una proporci\u00f3n menor. Los hispanos representaron el 28% de los que recibieron su primera dosis en los \u00faltimos 14 d\u00edas, una representaci\u00f3n excesiva de su parte de la poblaci\u00f3n. Las personas de raza negra representaron alrededor del 11%, que es mejor que su representaci\u00f3n actual entre los vacunados, pero a\u00fan menos que su representaci\u00f3n en la poblaci\u00f3n de EE.UU., en general.<\/p>\n<p>Entre los 41 estados que reportan datos raciales y \u00e9tnicos de personas que han sido vacunadas, la proporci\u00f3n de personas blancas que han recibido al menos una dosis (44%) es aproximadamente 1,4 veces mayor que la proporci\u00f3n de personas negras (31%) y aproximadamente 1,3 veces m\u00e1s alto que la proporci\u00f3n de hispanos que se han vacunado (35%).<\/p>\n<p>En cuatro estados, sin embargo, la proporci\u00f3n de personas blancas que han sido vacunadas es m\u00e1s de dos veces la proporci\u00f3n de personas negras: Hawai, Iowa, Pensilvania y Dakota del Sur. Y es m\u00e1s del doble de la proporci\u00f3n de hispanos en Colorado y Dakota del Sur.<\/p>\n<p>Aproximadamente el 56% de los asi\u00e1ticos en esos estados ha recibido al menos una dosis, seg\u00fan KFF, pero en Pensilvania y Dakota del Sur, los blancos tienen cinco veces m\u00e1s probabilidades de estar vacunados que los asi\u00e1ticos.<\/p>\n<p>Fuente: CNN<\/p>\n","protected":false},"excerpt":{"rendered":"<p>\u00a0 (CNN) \u2014 &nbsp; Si bien las disparidades raciales y <a href=\"https:\/\/sertv.gob.pa\/nacionalfm\/tasas-de-personas-negras-e-hispanas-siguen-siendo-muy-bajas-entre-vacunados-contra-el-covid-19-en-ee-uu-segun-analisis\/\"> [&#8230;]<\/a><\/p>\n","protected":false},"author":9,"featured_media":69971,"comment_status":"closed","ping_status":"closed","sticky":false,"template":"","format":"standard","meta":{"footnotes":""},"categories":[3],"tags":[],"class_list":["post-69970","post","type-post","status-publish","format-standard","has-post-thumbnail","hentry","category-internacionales"],"_links":{"self":[{"href":"https:\/\/sertv.gob.pa\/nacionalfm\/wp-json\/wp\/v2\/posts\/69970","targetHints":{"allow":["GET"]}}],"collection":[{"href":"https:\/\/sertv.gob.pa\/nacionalfm\/wp-json\/wp\/v2\/posts"}],"about":[{"href":"https:\/\/sertv.gob.pa\/nacionalfm\/wp-json\/wp\/v2\/types\/post"}],"author":[{"embeddable":true,"href":"https:\/\/sertv.gob.pa\/nacionalfm\/wp-json\/wp\/v2\/users\/9"}],"replies":[{"embeddable":true,"href":"https:\/\/sertv.gob.pa\/nacionalfm\/wp-json\/wp\/v2\/comments?post=69970"}],"version-history":[{"count":1,"href":"https:\/\/sertv.gob.pa\/nacionalfm\/wp-json\/wp\/v2\/posts\/69970\/revisions"}],"predecessor-version":[{"id":69972,"href":"https:\/\/sertv.gob.pa\/nacionalfm\/wp-json\/wp\/v2\/posts\/69970\/revisions\/69972"}],"wp:featuredmedia":[{"embeddable":true,"href":"https:\/\/sertv.gob.pa\/nacionalfm\/wp-json\/wp\/v2\/media\/69971"}],"wp:attachment":[{"href":"https:\/\/sertv.gob.pa\/nacionalfm\/wp-json\/wp\/v2\/media?parent=69970"}],"wp:term":[{"taxonomy":"category","embeddable":true,"href":"https:\/\/sertv.gob.pa\/nacionalfm\/wp-json\/wp\/v2\/categories?post=69970"},{"taxonomy":"post_tag","embeddable":true,"href":"https:\/\/sertv.gob.pa\/nacionalfm\/wp-json\/wp\/v2\/tags?post=69970"}],"curies":[{"name":"wp","href":"https:\/\/api.w.org\/{rel}","templated":true}]}}