{"id":69973,"date":"2021-06-10T17:29:20","date_gmt":"2021-06-10T17:29:20","guid":{"rendered":"https:\/\/sertv.gob.pa\/nacionalfm\/?p=69973"},"modified":"2021-06-10T17:29:20","modified_gmt":"2021-06-10T17:29:20","slug":"tiroteo-en-un-publix-en-florida-deja-al-menos-tres-muertos-incluyendo-el-atacante","status":"publish","type":"post","link":"https:\/\/sertv.gob.pa\/nacionalfm\/tiroteo-en-un-publix-en-florida-deja-al-menos-tres-muertos-incluyendo-el-atacante\/","title":{"rendered":"Tiroteo en un Publix en Florida deja al menos tres muertos, incluyendo el atacante"},"content":{"rendered":"<p><strong>\u00a0<\/strong><strong><em>(CNN) \u2014<\/em><\/strong><\/p>\n<p>&nbsp;<\/p>\n<p>Dos personas murieron a tiros dentro de un Publix en Royal Palm Beach, Florida, seg\u00fan la oficina del sheriff del condado de Palm Beach. El atacante tambi\u00e9n muri\u00f3, dijeron las autoridades.<\/p>\n<p>En un tuit, la oficina del sheriff dijo que los detectives est\u00e1n en la escena del tiroteo que tuvo lugar este jueves.<\/p>\n<p>\u201cA su llegada, los agentes localizaron a tres personas fallecidas por heridas de bala, un hombre adulto, una mujer adulta y un ni\u00f1o. El atacante es uno de los fallecidos\u201d, dec\u00eda el tuit.<\/p>\n<p>Las autoridades dijeron que este no fue \u00abun incidente de un atacante activo\u00bb.<\/p>\n<p>&nbsp;<\/p>\n<p>Fuente: CNN<\/p>\n<p>&nbsp;<\/p>\n<p>&nbsp;<\/p>\n","protected":false},"excerpt":{"rendered":"<p>\u00a0(CNN) \u2014 &nbsp; Dos personas murieron a tiros dentro de <a href=\"https:\/\/sertv.gob.pa\/nacionalfm\/tiroteo-en-un-publix-en-florida-deja-al-menos-tres-muertos-incluyendo-el-atacante\/\"> [&#8230;]<\/a><\/p>\n","protected":false},"author":9,"featured_media":69974,"comment_status":"closed","ping_status":"closed","sticky":false,"template":"","format":"standard","meta":{"footnotes":""},"categories":[3],"tags":[],"class_list":["post-69973","post","type-post","status-publish","format-standard","has-post-thumbnail","hentry","category-internacionales"],"_links":{"self":[{"href":"https:\/\/sertv.gob.pa\/nacionalfm\/wp-json\/wp\/v2\/posts\/69973","targetHints":{"allow":["GET"]}}],"collection":[{"href":"https:\/\/sertv.gob.pa\/nacionalfm\/wp-json\/wp\/v2\/posts"}],"about":[{"href":"https:\/\/sertv.gob.pa\/nacionalfm\/wp-json\/wp\/v2\/types\/post"}],"author":[{"embeddable":true,"href":"https:\/\/sertv.gob.pa\/nacionalfm\/wp-json\/wp\/v2\/users\/9"}],"replies":[{"embeddable":true,"href":"https:\/\/sertv.gob.pa\/nacionalfm\/wp-json\/wp\/v2\/comments?post=69973"}],"version-history":[{"count":1,"href":"https:\/\/sertv.gob.pa\/nacionalfm\/wp-json\/wp\/v2\/posts\/69973\/revisions"}],"predecessor-version":[{"id":69975,"href":"https:\/\/sertv.gob.pa\/nacionalfm\/wp-json\/wp\/v2\/posts\/69973\/revisions\/69975"}],"wp:featuredmedia":[{"embeddable":true,"href":"https:\/\/sertv.gob.pa\/nacionalfm\/wp-json\/wp\/v2\/media\/69974"}],"wp:attachment":[{"href":"https:\/\/sertv.gob.pa\/nacionalfm\/wp-json\/wp\/v2\/media?parent=69973"}],"wp:term":[{"taxonomy":"category","embeddable":true,"href":"https:\/\/sertv.gob.pa\/nacionalfm\/wp-json\/wp\/v2\/categories?post=69973"},{"taxonomy":"post_tag","embeddable":true,"href":"https:\/\/sertv.gob.pa\/nacionalfm\/wp-json\/wp\/v2\/tags?post=69973"}],"curies":[{"name":"wp","href":"https:\/\/api.w.org\/{rel}","templated":true}]}}