{"id":70064,"date":"2021-06-14T17:19:51","date_gmt":"2021-06-14T17:19:51","guid":{"rendered":"https:\/\/sertv.gob.pa\/nacionalfm\/?p=70064"},"modified":"2021-06-14T17:19:51","modified_gmt":"2021-06-14T17:19:51","slug":"ice-cierra-la-oficina-de-la-era-trump-encargada-de-victimas-de-delitos-cometidos-por-inmigrantes-indocumentados","status":"publish","type":"post","link":"https:\/\/sertv.gob.pa\/nacionalfm\/ice-cierra-la-oficina-de-la-era-trump-encargada-de-victimas-de-delitos-cometidos-por-inmigrantes-indocumentados\/","title":{"rendered":"ICE cierra la oficina de la era Trump encargada de v\u00edctimas de delitos cometidos por inmigrantes indocumentados"},"content":{"rendered":"<p><strong><em>(CNN) \u2014\u00a0<\/em><\/strong><\/p>\n<p>&nbsp;<\/p>\n<p>El Servicio de Control de Inmigraci\u00f3n y Aduanas (ICE) cerr\u00f3 la oficina de la era Trump que ten\u00eda como objetivo centrarse en las v\u00edctimas de delitos relacionados con inmigrantes indocumentados, otra medida que ha tomado la administraci\u00f3n Biden para distanciarse de las pol\u00edticas de inmigraci\u00f3n del presidente Donald Trump.<\/p>\n<p>ICE anunci\u00f3 el viernes que cerrar\u00eda la oficina de V\u00edctimas de Cr\u00edmenes de Inmigraci\u00f3n, o VOICE, por sus siglas en ingl\u00e9s, y la reemplazar\u00eda con un nuevo programa para brindar apoyo a las v\u00edctimas independientemente del estado migratorio de la v\u00edctima o el perpetrador.<\/p>\n<p>\u201cTodas las personas, independientemente de su estado migratorio, deber\u00edan poder acceder a los servicios para las v\u00edctimas sin miedo\u201d, dijo el secretario de Seguridad Nacional, Alejandro Mayorkas, en un comunicado.<\/p>\n<p>La administraci\u00f3n Trump lanz\u00f3 la oficina de apoyo a las v\u00edctimas en abril de 2017 como cumplimiento del decreto el expresidente sobre inmigraci\u00f3n. La formaci\u00f3n de la oficina lleg\u00f3 luego de los repetidos comentarios p\u00fablicos de Trump que vinculaban a inmigrantes y criminales, sobre todo un discurso en el que se refiri\u00f3 a los mexicanos como criminales y \u00abvioladores\u00bb.<\/p>\n<p>Los cr\u00edticos en ese momento dijeron que la oficina era parte de varias medidas que sesgar\u00edan la opini\u00f3n p\u00fablica negativamente contra los inmigrantes.<\/p>\n<p>El exsecretario de Seguridad Nacional, John Kelly, dijo que el objetivo de la oficina era brindar recursos y apoyo a las familias que, seg\u00fan \u00e9l, antes no se hab\u00edan escuchado.<\/p>\n<p>El programa renovado de la administraci\u00f3n de Biden, llamado L\u00ednea de Servicios y Compromiso de V\u00edctimas (Victims Engagement and Services Line), incluir\u00e1 orientaci\u00f3n sobre visas para inmigrantes que son v\u00edctimas de delitos o trata de personas.<\/p>\n<p>&nbsp;<\/p>\n<p>Fuente: CNN<\/p>\n","protected":false},"excerpt":{"rendered":"<p>(CNN) \u2014\u00a0 &nbsp; El Servicio de Control de Inmigraci\u00f3n y <a href=\"https:\/\/sertv.gob.pa\/nacionalfm\/ice-cierra-la-oficina-de-la-era-trump-encargada-de-victimas-de-delitos-cometidos-por-inmigrantes-indocumentados\/\"> [&#8230;]<\/a><\/p>\n","protected":false},"author":9,"featured_media":70065,"comment_status":"closed","ping_status":"closed","sticky":false,"template":"","format":"standard","meta":{"footnotes":""},"categories":[3],"tags":[],"class_list":["post-70064","post","type-post","status-publish","format-standard","has-post-thumbnail","hentry","category-internacionales"],"_links":{"self":[{"href":"https:\/\/sertv.gob.pa\/nacionalfm\/wp-json\/wp\/v2\/posts\/70064","targetHints":{"allow":["GET"]}}],"collection":[{"href":"https:\/\/sertv.gob.pa\/nacionalfm\/wp-json\/wp\/v2\/posts"}],"about":[{"href":"https:\/\/sertv.gob.pa\/nacionalfm\/wp-json\/wp\/v2\/types\/post"}],"author":[{"embeddable":true,"href":"https:\/\/sertv.gob.pa\/nacionalfm\/wp-json\/wp\/v2\/users\/9"}],"replies":[{"embeddable":true,"href":"https:\/\/sertv.gob.pa\/nacionalfm\/wp-json\/wp\/v2\/comments?post=70064"}],"version-history":[{"count":1,"href":"https:\/\/sertv.gob.pa\/nacionalfm\/wp-json\/wp\/v2\/posts\/70064\/revisions"}],"predecessor-version":[{"id":70066,"href":"https:\/\/sertv.gob.pa\/nacionalfm\/wp-json\/wp\/v2\/posts\/70064\/revisions\/70066"}],"wp:featuredmedia":[{"embeddable":true,"href":"https:\/\/sertv.gob.pa\/nacionalfm\/wp-json\/wp\/v2\/media\/70065"}],"wp:attachment":[{"href":"https:\/\/sertv.gob.pa\/nacionalfm\/wp-json\/wp\/v2\/media?parent=70064"}],"wp:term":[{"taxonomy":"category","embeddable":true,"href":"https:\/\/sertv.gob.pa\/nacionalfm\/wp-json\/wp\/v2\/categories?post=70064"},{"taxonomy":"post_tag","embeddable":true,"href":"https:\/\/sertv.gob.pa\/nacionalfm\/wp-json\/wp\/v2\/tags?post=70064"}],"curies":[{"name":"wp","href":"https:\/\/api.w.org\/{rel}","templated":true}]}}