{"id":70067,"date":"2021-06-14T17:44:11","date_gmt":"2021-06-14T17:44:11","guid":{"rendered":"https:\/\/sertv.gob.pa\/nacionalfm\/?p=70067"},"modified":"2021-06-14T17:44:11","modified_gmt":"2021-06-14T17:44:11","slug":"policia-nicaraguense-detiene-a-opositor-y-exvicecanciller-por-supuestos-actos-contra-la-soberania-nacional","status":"publish","type":"post","link":"https:\/\/sertv.gob.pa\/nacionalfm\/policia-nicaraguense-detiene-a-opositor-y-exvicecanciller-por-supuestos-actos-contra-la-soberania-nacional\/","title":{"rendered":"Polic\u00eda nicarag\u00fcense detiene a opositor y exvicecanciller por supuestos actos contra la soberan\u00eda nacional"},"content":{"rendered":"<p><strong><em>(CNN Espa\u00f1ol) \u2014<\/em><\/strong><em>\u00a0<\/em><\/p>\n<p>&nbsp;<\/p>\n<p>La Polic\u00eda Nacional de Nicaragua detuvo en la noche de este domingo en Managua a V\u00edctor Hugo Tinoco, exvicecanciller de la rep\u00fablica durante 1980 y miembro del partido Uni\u00f3n Democr\u00e1tica Renovadora (Unamos). Seg\u00fan la polic\u00eda, es investigado de conformidad al art\u00edculo 1 de la Ley 1055, la \u00abLey de defensa de los derechos del pueblo a la Independencia, la soberan\u00eda y la autodeterminaci\u00f3n para la paz\u00bb.<\/p>\n<p>De acuerdo con el comunicado policial, Tinoco fue detenido por indagaci\u00f3n de supuestos \u00abactos que menoscaban la independencia, la soberan\u00eda y la autodeterminaci\u00f3n, incitar a la injerencia extranjera en los asuntos internos, pedir intervenciones militares, organizarse con financiamiento de potencias extranjeras para ejecutar actos de terrorismo y desestabilizaci\u00f3n, proponer y gestionar bloqueos econ\u00f3micos, comerciales y operaciones financieras en contra del pa\u00eds y sus instituciones, demandar, exaltar y aplaudir sanciones contra el estado de Nicaragua y sus ciudadanos y lesionar los intereses supremos de la naci\u00f3n\u00bb.<\/p>\n<p>CNN no ha podido consultar al abogado de Tinoco, de quien, seg\u00fan sus familiares, por el momento se desconoce la ubicaci\u00f3n.<\/p>\n<p>Cristian Tinoco, hija de V\u00edctor Hugo Tinoco, dijo en la noche de este domingo a trav\u00e9s de un video publicado en sus redes sociales que su padre fue llevado por personas no uniformadas cuando se encontraba en un centro comercial con sus hijos y que fue trasladado por la fuerza en una camioneta que no corresponde con las caracter\u00edsticas de los veh\u00edculos oficiales.<\/p>\n<p>CNN trat\u00f3 de obtener una versi\u00f3n de la Polic\u00eda Nacional sobre estos hechos, pero de momento no han respondido.<\/p>\n<p>Por su parte, la agrupaci\u00f3n pol\u00edtica Unamos, a la cual pertenece Tinoco, expres\u00f3 a trav\u00e9s de un comunicado: \u00abDenunciamos este nuevo acto cometido hace horas contra nuestro partido, en el marco de la fren\u00e9tica escalada represiva del orteguismo\u00bb.<\/p>\n<p>Durante este domingo, la polic\u00eda captur\u00f3 a 5 l\u00edderes de Unamos, antes Movimiento Renovador Sandinista (MRS), sobre quienes la agrupaci\u00f3n dijo: \u00abExigimos el respeto a la integridad f\u00edsica de Dora Mar\u00eda T\u00e9llez, Ana Margarita Vigil, Tamara D\u00e1vila, Hugo Torres y V\u00edctor Hugo Tinoco Fonseca\u00bb.<\/p>\n<p>El Centro Nicarag\u00fcense de Derechos Humanos (Cenidh) expres\u00f3 este domingo en sus redes sociales: \u00abEl r\u00e9gimen Ortega-Murillo no cesa en su persecuci\u00f3n a l\u00edderes sociales y pol\u00edticos, ahora captur\u00f3 a V\u00edctor Hugo Tinoco Fonseca, exvicecanciller de Nicaragua\u00bb y exigi\u00f3 respeto a su integridad personal. Con este caso, ya son 13 l\u00edderes opositores detenidos, entre ellos cuatro aspirantes presidenciales.<\/p>\n<p>&nbsp;<\/p>\n<p>Fuente: CNN<\/p>\n<p>&nbsp;<\/p>\n<p>&nbsp;<\/p>\n","protected":false},"excerpt":{"rendered":"<p>(CNN Espa\u00f1ol) \u2014\u00a0 &nbsp; La Polic\u00eda Nacional de Nicaragua detuvo <a href=\"https:\/\/sertv.gob.pa\/nacionalfm\/policia-nicaraguense-detiene-a-opositor-y-exvicecanciller-por-supuestos-actos-contra-la-soberania-nacional\/\"> [&#8230;]<\/a><\/p>\n","protected":false},"author":9,"featured_media":70068,"comment_status":"closed","ping_status":"closed","sticky":false,"template":"","format":"standard","meta":{"footnotes":""},"categories":[3],"tags":[],"class_list":["post-70067","post","type-post","status-publish","format-standard","has-post-thumbnail","hentry","category-internacionales"],"_links":{"self":[{"href":"https:\/\/sertv.gob.pa\/nacionalfm\/wp-json\/wp\/v2\/posts\/70067","targetHints":{"allow":["GET"]}}],"collection":[{"href":"https:\/\/sertv.gob.pa\/nacionalfm\/wp-json\/wp\/v2\/posts"}],"about":[{"href":"https:\/\/sertv.gob.pa\/nacionalfm\/wp-json\/wp\/v2\/types\/post"}],"author":[{"embeddable":true,"href":"https:\/\/sertv.gob.pa\/nacionalfm\/wp-json\/wp\/v2\/users\/9"}],"replies":[{"embeddable":true,"href":"https:\/\/sertv.gob.pa\/nacionalfm\/wp-json\/wp\/v2\/comments?post=70067"}],"version-history":[{"count":1,"href":"https:\/\/sertv.gob.pa\/nacionalfm\/wp-json\/wp\/v2\/posts\/70067\/revisions"}],"predecessor-version":[{"id":70069,"href":"https:\/\/sertv.gob.pa\/nacionalfm\/wp-json\/wp\/v2\/posts\/70067\/revisions\/70069"}],"wp:featuredmedia":[{"embeddable":true,"href":"https:\/\/sertv.gob.pa\/nacionalfm\/wp-json\/wp\/v2\/media\/70068"}],"wp:attachment":[{"href":"https:\/\/sertv.gob.pa\/nacionalfm\/wp-json\/wp\/v2\/media?parent=70067"}],"wp:term":[{"taxonomy":"category","embeddable":true,"href":"https:\/\/sertv.gob.pa\/nacionalfm\/wp-json\/wp\/v2\/categories?post=70067"},{"taxonomy":"post_tag","embeddable":true,"href":"https:\/\/sertv.gob.pa\/nacionalfm\/wp-json\/wp\/v2\/tags?post=70067"}],"curies":[{"name":"wp","href":"https:\/\/api.w.org\/{rel}","templated":true}]}}