{"id":70128,"date":"2021-06-15T18:47:01","date_gmt":"2021-06-15T18:47:01","guid":{"rendered":"https:\/\/sertv.gob.pa\/nacionalfm\/?p=70128"},"modified":"2021-06-15T18:47:01","modified_gmt":"2021-06-15T18:47:01","slug":"mexico-recibe-lote-de-vacunas-johnson-johnson-donadas-por-ee-uu","status":"publish","type":"post","link":"https:\/\/sertv.gob.pa\/nacionalfm\/mexico-recibe-lote-de-vacunas-johnson-johnson-donadas-por-ee-uu\/","title":{"rendered":"M\u00e9xico recibe lote de vacunas Johnson &amp; Johnson donadas por EE. UU."},"content":{"rendered":"<p><strong><em>(CNN) \u2014<\/em><\/strong><\/p>\n<p><strong>\u00a0<\/strong><\/p>\n<p>M\u00e9xico ha recibido un lote de 1.350.000 dosis de la vacuna contra covid-19 de Johnson &amp; Johnson\u00a0<a href=\"https:\/\/cnnespanol.cnn.com\/video\/joe-biden-compartira-vacunas-covid-19-estados-unidos-sot\/\" target=\"_blank\" rel=\"noopener\">donadas por Estados Unidos<\/a>, confirmaron funcionarios de ambos pa\u00edses.<\/p>\n<p>La madrugada del martes, el Director de Asuntos de Am\u00e9rica del Norte de M\u00e9xico, Roberto Velasco \u00c1lvarez, y el Encargado de Negocios de la Embajada de Estados Unidos en M\u00e9xico, John S. Creamer, recibieron el env\u00edo de Estados Unidos en el Aeropuerto Internacional de Toluca.<\/p>\n<p>El presidente de M\u00e9xico, Andr\u00e9s Manuel L\u00f3pez Obrador, agradeci\u00f3 al presidente de Estados Unidos, Joe Biden,\u00a0<a href=\"https:\/\/cnnespanol.cnn.com\/video\/amlo-pide-biden-vacunas-estados-unidos-rechazo-hay-posibilidad-acceso-covid19-reunion-bilateral-rey-rodriguez-live\/\" target=\"_blank\" rel=\"noopener\">por las vacunas.<\/a>\u00a0En su conferencia matutina, el mandatario dijo: \u00abGracias al presidente Biden y a la vicepresidenta Kamala Harris por esta donaci\u00f3n, este gesto de solidaridad\u00bb.<\/p>\n<p>L\u00f3pez Obrador asegur\u00f3 que las 1.350.000 vacunas J&amp;J de dosis \u00fanica se distribuir\u00e1n en 39 municipios a lo largo de la frontera entre M\u00e9xico y Estados Unidos. Pero agreg\u00f3 que se necesitan m\u00e1s dosis.<\/p>\n<p>\u00abComo no ser\u00e1n suficientes, les pedimos que nos env\u00eden otro [cargamento de la] misma cantidad de 1.350.000 dosis para vacunar a personas de la frontera: [en] Baja California, Sonora, Chihuahua, Coahuila, Nuevo Le\u00f3n, Tamaulipas, [todos los] 39 municipios\u00bb, dijo AMLO, como se le dice al presidente, el martes.<\/p>\n<p>M\u00e9xico ha recibido hasta la fecha m\u00e1s de 47 millones de dosis de la vacuna contra covid-19. A la fecha\u00a0<a href=\"https:\/\/cnnespanol.cnn.com\/video\/astrazeneca-vacunas-llegada-mexico-latinoamerica-argentina-sot-marcelo-ebrard-perspectivas-mexico\/\" target=\"_blank\" rel=\"noopener\">ha administrado<\/a>\u00a0casi 38 millones, seg\u00fan el Ministerio de Salud de M\u00e9xico<strong>.<\/strong><\/p>\n<p><strong>\u00a0<\/strong><\/p>\n<p>Fuente: CNN<\/p>\n","protected":false},"excerpt":{"rendered":"<p>(CNN) \u2014 \u00a0 M\u00e9xico ha recibido un lote de 1.350.000 <a href=\"https:\/\/sertv.gob.pa\/nacionalfm\/mexico-recibe-lote-de-vacunas-johnson-johnson-donadas-por-ee-uu\/\"> [&#8230;]<\/a><\/p>\n","protected":false},"author":9,"featured_media":70129,"comment_status":"closed","ping_status":"closed","sticky":false,"template":"","format":"standard","meta":{"footnotes":""},"categories":[3],"tags":[],"class_list":["post-70128","post","type-post","status-publish","format-standard","has-post-thumbnail","hentry","category-internacionales"],"_links":{"self":[{"href":"https:\/\/sertv.gob.pa\/nacionalfm\/wp-json\/wp\/v2\/posts\/70128","targetHints":{"allow":["GET"]}}],"collection":[{"href":"https:\/\/sertv.gob.pa\/nacionalfm\/wp-json\/wp\/v2\/posts"}],"about":[{"href":"https:\/\/sertv.gob.pa\/nacionalfm\/wp-json\/wp\/v2\/types\/post"}],"author":[{"embeddable":true,"href":"https:\/\/sertv.gob.pa\/nacionalfm\/wp-json\/wp\/v2\/users\/9"}],"replies":[{"embeddable":true,"href":"https:\/\/sertv.gob.pa\/nacionalfm\/wp-json\/wp\/v2\/comments?post=70128"}],"version-history":[{"count":1,"href":"https:\/\/sertv.gob.pa\/nacionalfm\/wp-json\/wp\/v2\/posts\/70128\/revisions"}],"predecessor-version":[{"id":70130,"href":"https:\/\/sertv.gob.pa\/nacionalfm\/wp-json\/wp\/v2\/posts\/70128\/revisions\/70130"}],"wp:featuredmedia":[{"embeddable":true,"href":"https:\/\/sertv.gob.pa\/nacionalfm\/wp-json\/wp\/v2\/media\/70129"}],"wp:attachment":[{"href":"https:\/\/sertv.gob.pa\/nacionalfm\/wp-json\/wp\/v2\/media?parent=70128"}],"wp:term":[{"taxonomy":"category","embeddable":true,"href":"https:\/\/sertv.gob.pa\/nacionalfm\/wp-json\/wp\/v2\/categories?post=70128"},{"taxonomy":"post_tag","embeddable":true,"href":"https:\/\/sertv.gob.pa\/nacionalfm\/wp-json\/wp\/v2\/tags?post=70128"}],"curies":[{"name":"wp","href":"https:\/\/api.w.org\/{rel}","templated":true}]}}