{"id":70179,"date":"2021-06-16T16:18:45","date_gmt":"2021-06-16T16:18:45","guid":{"rendered":"https:\/\/sertv.gob.pa\/nacionalfm\/?p=70179"},"modified":"2021-06-16T16:18:45","modified_gmt":"2021-06-16T16:18:45","slug":"indonesia-regala-pollos-vivos-a-los-vacunados-contra-el-covid-19","status":"publish","type":"post","link":"https:\/\/sertv.gob.pa\/nacionalfm\/indonesia-regala-pollos-vivos-a-los-vacunados-contra-el-covid-19\/","title":{"rendered":"Indonesia regala pollos vivos a los vacunados contra el covid-19"},"content":{"rendered":"<p>En Pacet, Indonesia, las autoridades regalan pollos vivos a las personas que reciban su primera dosis de la vacuna contra el covid-19.<\/p>\n<p>Galih Apria, subcomisionado de Polic\u00eda de la comisar\u00eda local, dice que el programa fue un intento por combatir las dudas sobre las vacunas en personas mayores de 45 a\u00f1os.<\/p>\n<p>&nbsp;<\/p>\n<p>Fuente: CNN<\/p>\n","protected":false},"excerpt":{"rendered":"<p>En Pacet, Indonesia, las autoridades regalan pollos vivos a las <a href=\"https:\/\/sertv.gob.pa\/nacionalfm\/indonesia-regala-pollos-vivos-a-los-vacunados-contra-el-covid-19\/\"> [&#8230;]<\/a><\/p>\n","protected":false},"author":9,"featured_media":70180,"comment_status":"closed","ping_status":"closed","sticky":false,"template":"","format":"standard","meta":{"footnotes":""},"categories":[3],"tags":[],"class_list":["post-70179","post","type-post","status-publish","format-standard","has-post-thumbnail","hentry","category-internacionales"],"_links":{"self":[{"href":"https:\/\/sertv.gob.pa\/nacionalfm\/wp-json\/wp\/v2\/posts\/70179","targetHints":{"allow":["GET"]}}],"collection":[{"href":"https:\/\/sertv.gob.pa\/nacionalfm\/wp-json\/wp\/v2\/posts"}],"about":[{"href":"https:\/\/sertv.gob.pa\/nacionalfm\/wp-json\/wp\/v2\/types\/post"}],"author":[{"embeddable":true,"href":"https:\/\/sertv.gob.pa\/nacionalfm\/wp-json\/wp\/v2\/users\/9"}],"replies":[{"embeddable":true,"href":"https:\/\/sertv.gob.pa\/nacionalfm\/wp-json\/wp\/v2\/comments?post=70179"}],"version-history":[{"count":1,"href":"https:\/\/sertv.gob.pa\/nacionalfm\/wp-json\/wp\/v2\/posts\/70179\/revisions"}],"predecessor-version":[{"id":70181,"href":"https:\/\/sertv.gob.pa\/nacionalfm\/wp-json\/wp\/v2\/posts\/70179\/revisions\/70181"}],"wp:featuredmedia":[{"embeddable":true,"href":"https:\/\/sertv.gob.pa\/nacionalfm\/wp-json\/wp\/v2\/media\/70180"}],"wp:attachment":[{"href":"https:\/\/sertv.gob.pa\/nacionalfm\/wp-json\/wp\/v2\/media?parent=70179"}],"wp:term":[{"taxonomy":"category","embeddable":true,"href":"https:\/\/sertv.gob.pa\/nacionalfm\/wp-json\/wp\/v2\/categories?post=70179"},{"taxonomy":"post_tag","embeddable":true,"href":"https:\/\/sertv.gob.pa\/nacionalfm\/wp-json\/wp\/v2\/tags?post=70179"}],"curies":[{"name":"wp","href":"https:\/\/api.w.org\/{rel}","templated":true}]}}