{"id":70253,"date":"2021-06-17T18:11:41","date_gmt":"2021-06-17T18:11:41","guid":{"rendered":"https:\/\/sertv.gob.pa\/nacionalfm\/?p=70253"},"modified":"2021-06-17T18:11:41","modified_gmt":"2021-06-17T18:11:41","slug":"las-ejecuciones-en-carolina-del-sur-quedan-suspendidas","status":"publish","type":"post","link":"https:\/\/sertv.gob.pa\/nacionalfm\/las-ejecuciones-en-carolina-del-sur-quedan-suspendidas\/","title":{"rendered":"Las ejecuciones en Carolina del Sur quedan suspendidas"},"content":{"rendered":"<p>La Corte Suprema de Carolina del Sur paus\u00f3\u00a0<a href=\"https:\/\/cnnespanol.cnn.com\/2021\/05\/06\/carolina-del-sur-pena-muerte-fusilamiento-trax\/\" target=\"_blank\" rel=\"noopener\">las ejecuciones de los condenados<\/a>\u00a0a muerte porque a\u00fan no est\u00e1n listas todas las opciones.<\/p>\n<p>La nueva ley firmada por el gobernador Henry McMaster permite a los presos escoger entre la silla el\u00e9ctrica o el pelot\u00f3n, pero los procedimientos para determinar c\u00f3mo actuar\u00e1 el pelot\u00f3n de ejecuci\u00f3n no terminaron de armarse. Las ejecuciones de Brad Sigmon y Freddie Owens, que iban a ser las primeras en Carolina del Sur desde 2011, se pausan hasta nuevo aviso.<\/p>\n<p>&nbsp;<\/p>\n<p>Fuente: CNN<\/p>\n","protected":false},"excerpt":{"rendered":"<p>La Corte Suprema de Carolina del Sur paus\u00f3\u00a0las ejecuciones de <a href=\"https:\/\/sertv.gob.pa\/nacionalfm\/las-ejecuciones-en-carolina-del-sur-quedan-suspendidas\/\"> [&#8230;]<\/a><\/p>\n","protected":false},"author":9,"featured_media":70254,"comment_status":"closed","ping_status":"closed","sticky":false,"template":"","format":"standard","meta":{"footnotes":""},"categories":[3],"tags":[],"class_list":["post-70253","post","type-post","status-publish","format-standard","has-post-thumbnail","hentry","category-internacionales"],"_links":{"self":[{"href":"https:\/\/sertv.gob.pa\/nacionalfm\/wp-json\/wp\/v2\/posts\/70253","targetHints":{"allow":["GET"]}}],"collection":[{"href":"https:\/\/sertv.gob.pa\/nacionalfm\/wp-json\/wp\/v2\/posts"}],"about":[{"href":"https:\/\/sertv.gob.pa\/nacionalfm\/wp-json\/wp\/v2\/types\/post"}],"author":[{"embeddable":true,"href":"https:\/\/sertv.gob.pa\/nacionalfm\/wp-json\/wp\/v2\/users\/9"}],"replies":[{"embeddable":true,"href":"https:\/\/sertv.gob.pa\/nacionalfm\/wp-json\/wp\/v2\/comments?post=70253"}],"version-history":[{"count":1,"href":"https:\/\/sertv.gob.pa\/nacionalfm\/wp-json\/wp\/v2\/posts\/70253\/revisions"}],"predecessor-version":[{"id":70255,"href":"https:\/\/sertv.gob.pa\/nacionalfm\/wp-json\/wp\/v2\/posts\/70253\/revisions\/70255"}],"wp:featuredmedia":[{"embeddable":true,"href":"https:\/\/sertv.gob.pa\/nacionalfm\/wp-json\/wp\/v2\/media\/70254"}],"wp:attachment":[{"href":"https:\/\/sertv.gob.pa\/nacionalfm\/wp-json\/wp\/v2\/media?parent=70253"}],"wp:term":[{"taxonomy":"category","embeddable":true,"href":"https:\/\/sertv.gob.pa\/nacionalfm\/wp-json\/wp\/v2\/categories?post=70253"},{"taxonomy":"post_tag","embeddable":true,"href":"https:\/\/sertv.gob.pa\/nacionalfm\/wp-json\/wp\/v2\/tags?post=70253"}],"curies":[{"name":"wp","href":"https:\/\/api.w.org\/{rel}","templated":true}]}}