{"id":70256,"date":"2021-06-17T18:35:15","date_gmt":"2021-06-17T18:35:15","guid":{"rendered":"https:\/\/sertv.gob.pa\/nacionalfm\/?p=70256"},"modified":"2021-06-17T18:35:15","modified_gmt":"2021-06-17T18:35:15","slug":"expresidente-de-bolivia-carlos-mesa-se-acogio-al-derecho-de-guardar-silencio-en-la-fiscalia","status":"publish","type":"post","link":"https:\/\/sertv.gob.pa\/nacionalfm\/expresidente-de-bolivia-carlos-mesa-se-acogio-al-derecho-de-guardar-silencio-en-la-fiscalia\/","title":{"rendered":"Expresidente de Bolivia Carlos Mesa se acogi\u00f3 al derecho de guardar silencio en la Fiscal\u00eda"},"content":{"rendered":"<p><strong><em>\u00a0<\/em><\/strong><strong><em>(CNN Espa\u00f1ol) \u2014<\/em><\/strong><em>\u00a0<\/em><\/p>\n<p>&nbsp;<\/p>\n<p>El expresidente de Bolivia, Carlos Mesa, anunci\u00f3 este jueves que se acogi\u00f3 al derecho de guardar silencio ante el Ministerio P\u00fablico de Bolivia.<\/p>\n<p>Mesa hab\u00eda sido citado esta ma\u00f1ana para declarar en calidad de testigo sobre los hechos ocurridos el 10 de noviembre de 2019, cuando el entonces presidente Evo Morales renunci\u00f3 a su cargo tras 21 d\u00edas de protestas.<\/p>\n<p>Los partidarios de Morales aseguran que ese d\u00eda ocurri\u00f3 un golpe de Estado porque Morales, quien aspiraba a renovar su mandato gracias a una pol\u00e9mica sentencia del Tribunal Constitucional, que lo habilitaba para presentar su candidatura pese a perder un refer\u00e9ndum sobre ese tema en febrero de 2016, se vio obligado a dejar su cargo despu\u00e9s de que el jefe de las Fuerzas Armadas le pidiera la renuncia.<\/p>\n<p>Mesa acus\u00f3 a Evo Morales de\u00a0<a href=\"https:\/\/cnnespanol.cnn.com\/2021\/06\/16\/expresidente-carlos-mesa-declarara-ante-la-fiscalia-por-investigacion-del-supuesto-golpe-de-estado-contra-evo-morales-orix\/\" target=\"_blank\" rel=\"noopener\">gestar el mayor fraude electoral en democracia<\/a>\u00a0e inventar un caso para destruir a la oposici\u00f3n y a su persona.<\/p>\n<p>\u201cMorales es autor del mayor fraude electoral en democracia y de haberse burlado del pueblo boliviano el 21F al no respetar su decisi\u00f3n en contra de su reelecci\u00f3n indefinida. No satisfecho con esos da\u00f1os irreparables, decidi\u00f3 subordinar los intereses de la patria y los problemas dram\u00e1ticos de salud y desempleo que afrontan los ciudadanos a su propio inter\u00e9s, que no es otro que su obsesi\u00f3n enfermiza por volver a la presidencia a cualquier costo. Para ello quiere blanquear el fraude que perpetr\u00f3 inventando un golpe de Estado inexistente\u201d, dijo Mesa.<\/p>\n<p>Por su parte el gobierno, a trav\u00e9s del ministro de Justicia Iv\u00e1n Lima, ofreci\u00f3 garant\u00edas a Mesa para su declaraci\u00f3n ante la fiscal\u00eda, y anunci\u00f3 que no pedir\u00e1 su detenci\u00f3n preventiva.<\/p>\n<p>En una declaraci\u00f3n a medios, Mesa dijo que present\u00f3 un documento a los fiscales Omar Mejillones y Lupe Zabala en el que sostiene, entre otros, que el proceso legal \u201cno tiene ninguna base de legalidad, se fundamenta en hechos falsos y en manipulaci\u00f3n de pruebas aparentes\u201d.<\/p>\n<p>Por su parte, el fiscal Mejillones inform\u00f3 en conferencia de prensa que analizar\u00e1n si esta conducta pudiera calificarse como obstrucci\u00f3n.<\/p>\n<p>&nbsp;<\/p>\n<p>Fuente: CNN<\/p>\n","protected":false},"excerpt":{"rendered":"<p>\u00a0(CNN Espa\u00f1ol) \u2014\u00a0 &nbsp; El expresidente de Bolivia, Carlos Mesa, <a href=\"https:\/\/sertv.gob.pa\/nacionalfm\/expresidente-de-bolivia-carlos-mesa-se-acogio-al-derecho-de-guardar-silencio-en-la-fiscalia\/\"> [&#8230;]<\/a><\/p>\n","protected":false},"author":9,"featured_media":70257,"comment_status":"closed","ping_status":"closed","sticky":false,"template":"","format":"standard","meta":{"footnotes":""},"categories":[3],"tags":[],"class_list":["post-70256","post","type-post","status-publish","format-standard","has-post-thumbnail","hentry","category-internacionales"],"_links":{"self":[{"href":"https:\/\/sertv.gob.pa\/nacionalfm\/wp-json\/wp\/v2\/posts\/70256","targetHints":{"allow":["GET"]}}],"collection":[{"href":"https:\/\/sertv.gob.pa\/nacionalfm\/wp-json\/wp\/v2\/posts"}],"about":[{"href":"https:\/\/sertv.gob.pa\/nacionalfm\/wp-json\/wp\/v2\/types\/post"}],"author":[{"embeddable":true,"href":"https:\/\/sertv.gob.pa\/nacionalfm\/wp-json\/wp\/v2\/users\/9"}],"replies":[{"embeddable":true,"href":"https:\/\/sertv.gob.pa\/nacionalfm\/wp-json\/wp\/v2\/comments?post=70256"}],"version-history":[{"count":1,"href":"https:\/\/sertv.gob.pa\/nacionalfm\/wp-json\/wp\/v2\/posts\/70256\/revisions"}],"predecessor-version":[{"id":70258,"href":"https:\/\/sertv.gob.pa\/nacionalfm\/wp-json\/wp\/v2\/posts\/70256\/revisions\/70258"}],"wp:featuredmedia":[{"embeddable":true,"href":"https:\/\/sertv.gob.pa\/nacionalfm\/wp-json\/wp\/v2\/media\/70257"}],"wp:attachment":[{"href":"https:\/\/sertv.gob.pa\/nacionalfm\/wp-json\/wp\/v2\/media?parent=70256"}],"wp:term":[{"taxonomy":"category","embeddable":true,"href":"https:\/\/sertv.gob.pa\/nacionalfm\/wp-json\/wp\/v2\/categories?post=70256"},{"taxonomy":"post_tag","embeddable":true,"href":"https:\/\/sertv.gob.pa\/nacionalfm\/wp-json\/wp\/v2\/tags?post=70256"}],"curies":[{"name":"wp","href":"https:\/\/api.w.org\/{rel}","templated":true}]}}