{"id":70305,"date":"2021-06-18T17:22:20","date_gmt":"2021-06-18T17:22:20","guid":{"rendered":"https:\/\/sertv.gob.pa\/nacionalfm\/?p=70305"},"modified":"2021-06-18T17:22:20","modified_gmt":"2021-06-18T17:22:20","slug":"la-union-europea-levanta-las-restricciones-de-viaje-desde-ee-uu-y-otros-13-paises","status":"publish","type":"post","link":"https:\/\/sertv.gob.pa\/nacionalfm\/la-union-europea-levanta-las-restricciones-de-viaje-desde-ee-uu-y-otros-13-paises\/","title":{"rendered":"La Uni\u00f3n Europea levanta las restricciones de viaje desde EE.UU. y otros 13 pa\u00edses"},"content":{"rendered":"<p><strong><em>(CNN) \u2014<\/em><\/strong><em>\u00a0<\/em><\/p>\n<p>&nbsp;<\/p>\n<p>El organismo rector de la Uni\u00f3n Europea recomend\u00f3 que el bloque levante las restricciones de covid-19 sobre viajes no esenciales desde 14 pa\u00edses, incluido Estados Unidos.<\/p>\n<p>En una declaraci\u00f3n el viernes, el Consejo Europeo dijo que los estados miembros deber\u00edan \u00ablevantar gradualmente las restricciones de viaje en las fronteras externas\u00bb para los residentes de los siguientes terceros pa\u00edses:<\/p>\n<ul>\n<li>Albania<\/li>\n<li>Australia<\/li>\n<li>Israel<\/li>\n<li>Jap\u00f3n<\/li>\n<li>L\u00edbano<\/li>\n<li>Nueva Zelandia<\/li>\n<li>Rep\u00fablica de Macedonia del Norte<\/li>\n<li>Ruanda<\/li>\n<li>Serbia<\/li>\n<li>Singapur<\/li>\n<li>Corea del Sur<\/li>\n<li>Tailandia<\/li>\n<li>Estados Unidos<\/li>\n<li>China (sujeto a confirmaci\u00f3n de reciprocidad)<\/li>\n<\/ul>\n<p>Las restricciones de viaje tambi\u00e9n deben levantarse gradualmente para Hong Kong y Macao, regiones administrativas especiales de China. La condici\u00f3n de reciprocidad para estas regiones administrativas especiales ha sido levantada, agreg\u00f3.<\/p>\n<p>La decisi\u00f3n se bas\u00f3 en criterios que abarcan la \u201csituaci\u00f3n epidemiol\u00f3gica y la respuesta general al covid-19, as\u00ed como la confiabilidad de la informaci\u00f3n y las fuentes de datos disponibles\u201d. A\u00f1ade que la reciprocidad tambi\u00e9n debe tenerse en cuenta caso por caso.<\/p>\n<p>La lista se revisar\u00e1 cada dos semanas.<\/p>\n<p>&nbsp;<\/p>\n<p>Fuente: CNN<\/p>\n","protected":false},"excerpt":{"rendered":"<p>(CNN) \u2014\u00a0 &nbsp; El organismo rector de la Uni\u00f3n Europea <a href=\"https:\/\/sertv.gob.pa\/nacionalfm\/la-union-europea-levanta-las-restricciones-de-viaje-desde-ee-uu-y-otros-13-paises\/\"> [&#8230;]<\/a><\/p>\n","protected":false},"author":9,"featured_media":70306,"comment_status":"closed","ping_status":"closed","sticky":false,"template":"","format":"standard","meta":{"footnotes":""},"categories":[3],"tags":[],"class_list":["post-70305","post","type-post","status-publish","format-standard","has-post-thumbnail","hentry","category-internacionales"],"_links":{"self":[{"href":"https:\/\/sertv.gob.pa\/nacionalfm\/wp-json\/wp\/v2\/posts\/70305","targetHints":{"allow":["GET"]}}],"collection":[{"href":"https:\/\/sertv.gob.pa\/nacionalfm\/wp-json\/wp\/v2\/posts"}],"about":[{"href":"https:\/\/sertv.gob.pa\/nacionalfm\/wp-json\/wp\/v2\/types\/post"}],"author":[{"embeddable":true,"href":"https:\/\/sertv.gob.pa\/nacionalfm\/wp-json\/wp\/v2\/users\/9"}],"replies":[{"embeddable":true,"href":"https:\/\/sertv.gob.pa\/nacionalfm\/wp-json\/wp\/v2\/comments?post=70305"}],"version-history":[{"count":1,"href":"https:\/\/sertv.gob.pa\/nacionalfm\/wp-json\/wp\/v2\/posts\/70305\/revisions"}],"predecessor-version":[{"id":70307,"href":"https:\/\/sertv.gob.pa\/nacionalfm\/wp-json\/wp\/v2\/posts\/70305\/revisions\/70307"}],"wp:featuredmedia":[{"embeddable":true,"href":"https:\/\/sertv.gob.pa\/nacionalfm\/wp-json\/wp\/v2\/media\/70306"}],"wp:attachment":[{"href":"https:\/\/sertv.gob.pa\/nacionalfm\/wp-json\/wp\/v2\/media?parent=70305"}],"wp:term":[{"taxonomy":"category","embeddable":true,"href":"https:\/\/sertv.gob.pa\/nacionalfm\/wp-json\/wp\/v2\/categories?post=70305"},{"taxonomy":"post_tag","embeddable":true,"href":"https:\/\/sertv.gob.pa\/nacionalfm\/wp-json\/wp\/v2\/tags?post=70305"}],"curies":[{"name":"wp","href":"https:\/\/api.w.org\/{rel}","templated":true}]}}