{"id":70308,"date":"2021-06-18T17:57:09","date_gmt":"2021-06-18T17:57:09","guid":{"rendered":"https:\/\/sertv.gob.pa\/nacionalfm\/?p=70308"},"modified":"2021-06-18T17:57:09","modified_gmt":"2021-06-18T17:57:09","slug":"la-mascarilla-en-espana-dejara-de-ser-obligatoria-en-exteriores-desde-el-proximo-26-de-junio","status":"publish","type":"post","link":"https:\/\/sertv.gob.pa\/nacionalfm\/la-mascarilla-en-espana-dejara-de-ser-obligatoria-en-exteriores-desde-el-proximo-26-de-junio\/","title":{"rendered":"La mascarilla en Espa\u00f1a dejar\u00e1 de ser obligatoria en exteriores desde el pr\u00f3ximo 26 de junio"},"content":{"rendered":"<p><strong><em>(CNN Espa\u00f1ol) \u2014<\/em><\/strong><em>\u00a0<\/em><\/p>\n<p>&nbsp;<\/p>\n<p>\u00abEste ser\u00e1 el \u00faltimo fin de semana con mascarillas en los exteriores, porque el que pr\u00f3ximo 26 de junio ya no las llevaremos en espacios libres\u00bb.<\/p>\n<p>Estas eran las palabras escogidas este viernes por el presidente del Gobierno de Espa\u00f1a, Pedro S\u00e1nchez, para hacer p\u00fablico que los cubrebocas o mascarillas dejar\u00e1n de ser obligatorios en los espacios abiertos del pa\u00eds desde el pr\u00f3ximo s\u00e1bado 26 de junio.<\/p>\n<p>Seg\u00fan anunci\u00f3 S\u00e1nchez, la propuesta ser\u00e1 estudiada el pr\u00f3ximo jueves 24 de junio en un Consejo de Ministros extraordinario. La intenci\u00f3n es que la medida sobre las mascarillas entre en vigor pasadas 48 horas.<\/p>\n<p>La propuesta llega en un momento en el que m\u00e1s de 22 millones de personas, el equivalente al 47,1% de la poblaci\u00f3n espa\u00f1ola, han recibido al menos una dosis de la vacuna contra el covid-19, seg\u00fan los \u00faltimos datos facilitados por el Ministerio de Sanidad.<\/p>\n<p>Por otro lado, 13,6 millones de personas, el equivalente al 28,7% de la poblaci\u00f3n, han recibido la pauta completa de la vacunaci\u00f3n.<\/p>\n<p>&nbsp;<\/p>\n<p>Fuente: CNN<\/p>\n","protected":false},"excerpt":{"rendered":"<p>(CNN Espa\u00f1ol) \u2014\u00a0 &nbsp; \u00abEste ser\u00e1 el \u00faltimo fin de <a href=\"https:\/\/sertv.gob.pa\/nacionalfm\/la-mascarilla-en-espana-dejara-de-ser-obligatoria-en-exteriores-desde-el-proximo-26-de-junio\/\"> [&#8230;]<\/a><\/p>\n","protected":false},"author":9,"featured_media":70309,"comment_status":"closed","ping_status":"closed","sticky":false,"template":"","format":"standard","meta":{"footnotes":""},"categories":[3],"tags":[],"class_list":["post-70308","post","type-post","status-publish","format-standard","has-post-thumbnail","hentry","category-internacionales"],"_links":{"self":[{"href":"https:\/\/sertv.gob.pa\/nacionalfm\/wp-json\/wp\/v2\/posts\/70308","targetHints":{"allow":["GET"]}}],"collection":[{"href":"https:\/\/sertv.gob.pa\/nacionalfm\/wp-json\/wp\/v2\/posts"}],"about":[{"href":"https:\/\/sertv.gob.pa\/nacionalfm\/wp-json\/wp\/v2\/types\/post"}],"author":[{"embeddable":true,"href":"https:\/\/sertv.gob.pa\/nacionalfm\/wp-json\/wp\/v2\/users\/9"}],"replies":[{"embeddable":true,"href":"https:\/\/sertv.gob.pa\/nacionalfm\/wp-json\/wp\/v2\/comments?post=70308"}],"version-history":[{"count":1,"href":"https:\/\/sertv.gob.pa\/nacionalfm\/wp-json\/wp\/v2\/posts\/70308\/revisions"}],"predecessor-version":[{"id":70310,"href":"https:\/\/sertv.gob.pa\/nacionalfm\/wp-json\/wp\/v2\/posts\/70308\/revisions\/70310"}],"wp:featuredmedia":[{"embeddable":true,"href":"https:\/\/sertv.gob.pa\/nacionalfm\/wp-json\/wp\/v2\/media\/70309"}],"wp:attachment":[{"href":"https:\/\/sertv.gob.pa\/nacionalfm\/wp-json\/wp\/v2\/media?parent=70308"}],"wp:term":[{"taxonomy":"category","embeddable":true,"href":"https:\/\/sertv.gob.pa\/nacionalfm\/wp-json\/wp\/v2\/categories?post=70308"},{"taxonomy":"post_tag","embeddable":true,"href":"https:\/\/sertv.gob.pa\/nacionalfm\/wp-json\/wp\/v2\/tags?post=70308"}],"curies":[{"name":"wp","href":"https:\/\/api.w.org\/{rel}","templated":true}]}}