{"id":7034,"date":"2015-08-27T18:07:34","date_gmt":"2015-08-27T18:07:34","guid":{"rendered":""},"modified":"2015-08-27T18:07:34","modified_gmt":"2015-08-27T18:07:34","slug":"la-salud-sera-impactada-por-nuevas-tecnologias","status":"publish","type":"post","link":"https:\/\/sertv.gob.pa\/nacionalfm\/la-salud-sera-impactada-por-nuevas-tecnologias\/","title":{"rendered":"La salud ser\u00e1 impactada por nuevas tecnolog\u00edas"},"content":{"rendered":"<p>\nSe le entumece la cara o la mitad del cuerpo, tiene dificultad para hablar, pierde el equilibrio. Es posible que haya padecido un accidente cerebrovascular o &lsquo;derrame&#8217;. <\/p>\n<p>Las primeras horas luego de un episodio as\u00ed son las m\u00e1s cr\u00edticas para recibir tratamiento m\u00e9dico. A partir de esta situaci\u00f3n, se cre\u00f3 una ambulancia m\u00f3vil especial que llega directamente al paciente, con el personal y el equipo necesario para diagnosticarlo y tratarlo. <\/p>\n<p>Esta es una de las diez innovaciones m\u00e9dicas que la Cleveland Clinic eligi\u00f3 entre las que m\u00e1s impacto tendr\u00e1n en la salud en 2015. <\/p>\n<p>Elegidas por un panel de expertos m\u00e9dicos y cient\u00edficos, las nuevas tecnolog\u00edas deben tener un impacto cl\u00ednico significativo y beneficios para el paciente en comparaci\u00f3n con las pr\u00e1cticas actuales y tener una alta probabilidad de \u00e9xito comercial. <\/p>\n<p>\u00a0 <\/p>\n","protected":false},"excerpt":{"rendered":"<p>Se le entumece la cara o la mitad del cuerpo, <a href=\"https:\/\/sertv.gob.pa\/nacionalfm\/la-salud-sera-impactada-por-nuevas-tecnologias\/\"> [&#8230;]<\/a><\/p>\n","protected":false},"author":1,"featured_media":7035,"comment_status":"closed","ping_status":"closed","sticky":false,"template":"","format":"standard","meta":{"footnotes":""},"categories":[5],"tags":[],"class_list":["post-7034","post","type-post","status-publish","format-standard","has-post-thumbnail","hentry","category-salud"],"_links":{"self":[{"href":"https:\/\/sertv.gob.pa\/nacionalfm\/wp-json\/wp\/v2\/posts\/7034","targetHints":{"allow":["GET"]}}],"collection":[{"href":"https:\/\/sertv.gob.pa\/nacionalfm\/wp-json\/wp\/v2\/posts"}],"about":[{"href":"https:\/\/sertv.gob.pa\/nacionalfm\/wp-json\/wp\/v2\/types\/post"}],"author":[{"embeddable":true,"href":"https:\/\/sertv.gob.pa\/nacionalfm\/wp-json\/wp\/v2\/users\/1"}],"replies":[{"embeddable":true,"href":"https:\/\/sertv.gob.pa\/nacionalfm\/wp-json\/wp\/v2\/comments?post=7034"}],"version-history":[{"count":0,"href":"https:\/\/sertv.gob.pa\/nacionalfm\/wp-json\/wp\/v2\/posts\/7034\/revisions"}],"wp:featuredmedia":[{"embeddable":true,"href":"https:\/\/sertv.gob.pa\/nacionalfm\/wp-json\/wp\/v2\/media\/7035"}],"wp:attachment":[{"href":"https:\/\/sertv.gob.pa\/nacionalfm\/wp-json\/wp\/v2\/media?parent=7034"}],"wp:term":[{"taxonomy":"category","embeddable":true,"href":"https:\/\/sertv.gob.pa\/nacionalfm\/wp-json\/wp\/v2\/categories?post=7034"},{"taxonomy":"post_tag","embeddable":true,"href":"https:\/\/sertv.gob.pa\/nacionalfm\/wp-json\/wp\/v2\/tags?post=7034"}],"curies":[{"name":"wp","href":"https:\/\/api.w.org\/{rel}","templated":true}]}}