{"id":70376,"date":"2021-06-21T18:09:55","date_gmt":"2021-06-21T18:09:55","guid":{"rendered":"https:\/\/sertv.gob.pa\/nacionalfm\/?p=70376"},"modified":"2021-06-21T18:09:55","modified_gmt":"2021-06-21T18:09:55","slug":"claudette-alcanza-de-nuevo-fuerza-de-tormenta-tropical","status":"publish","type":"post","link":"https:\/\/sertv.gob.pa\/nacionalfm\/claudette-alcanza-de-nuevo-fuerza-de-tormenta-tropical\/","title":{"rendered":"Claudette alcanza de nuevo fuerza de tormenta tropical"},"content":{"rendered":"<p><strong><em>\u00a0<\/em><\/strong><\/p>\n<p><strong><em>(CNN) \u2014\u00a0<\/em><\/strong><\/p>\n<p><strong>\u00a0<\/strong><\/p>\n<p>Claudette volvi\u00f3 a ganar fuerza como tormenta tropical este lunes, seg\u00fan la actualizaci\u00f3n del Centro Nacional de Huracanes a las 5 am ET.<\/p>\n<p>La tormenta tropical Claudette se encuentra a unos 105 kms al este-sureste de Raleigh, Carolina del Norte, y tiene vientos de 64 km\/h con r\u00e1fagas m\u00e1s fuertes.<\/p>\n<p>Estos vientos m\u00e1s fuertes se encuentran principalmente en alta mar, al sureste del ojo de Claudette.<\/p>\n<p>Las fuertes lluvias de la tormenta tropical Claudette continuar\u00e1n la ma\u00f1ana del lunes antes de que llegue al Atl\u00e1ntico por la tarde. Es posible que se produzcan impactos aislados de inundaciones repentinas, urbanas y de peque\u00f1os arroyos.<\/p>\n<p>Los avisos de tormenta tropical est\u00e1n vigentes desde Cape Fear hasta Duck, Carolina del Norte, incluidos Pamlico y Albemarle Sounds.<\/p>\n<p>&nbsp;<\/p>\n<p>Fuente: CNN<\/p>\n","protected":false},"excerpt":{"rendered":"<p>\u00a0 (CNN) \u2014\u00a0 \u00a0 Claudette volvi\u00f3 a ganar fuerza como <a href=\"https:\/\/sertv.gob.pa\/nacionalfm\/claudette-alcanza-de-nuevo-fuerza-de-tormenta-tropical\/\"> [&#8230;]<\/a><\/p>\n","protected":false},"author":9,"featured_media":70377,"comment_status":"closed","ping_status":"closed","sticky":false,"template":"","format":"standard","meta":{"footnotes":""},"categories":[3],"tags":[],"class_list":["post-70376","post","type-post","status-publish","format-standard","has-post-thumbnail","hentry","category-internacionales"],"_links":{"self":[{"href":"https:\/\/sertv.gob.pa\/nacionalfm\/wp-json\/wp\/v2\/posts\/70376","targetHints":{"allow":["GET"]}}],"collection":[{"href":"https:\/\/sertv.gob.pa\/nacionalfm\/wp-json\/wp\/v2\/posts"}],"about":[{"href":"https:\/\/sertv.gob.pa\/nacionalfm\/wp-json\/wp\/v2\/types\/post"}],"author":[{"embeddable":true,"href":"https:\/\/sertv.gob.pa\/nacionalfm\/wp-json\/wp\/v2\/users\/9"}],"replies":[{"embeddable":true,"href":"https:\/\/sertv.gob.pa\/nacionalfm\/wp-json\/wp\/v2\/comments?post=70376"}],"version-history":[{"count":1,"href":"https:\/\/sertv.gob.pa\/nacionalfm\/wp-json\/wp\/v2\/posts\/70376\/revisions"}],"predecessor-version":[{"id":70378,"href":"https:\/\/sertv.gob.pa\/nacionalfm\/wp-json\/wp\/v2\/posts\/70376\/revisions\/70378"}],"wp:featuredmedia":[{"embeddable":true,"href":"https:\/\/sertv.gob.pa\/nacionalfm\/wp-json\/wp\/v2\/media\/70377"}],"wp:attachment":[{"href":"https:\/\/sertv.gob.pa\/nacionalfm\/wp-json\/wp\/v2\/media?parent=70376"}],"wp:term":[{"taxonomy":"category","embeddable":true,"href":"https:\/\/sertv.gob.pa\/nacionalfm\/wp-json\/wp\/v2\/categories?post=70376"},{"taxonomy":"post_tag","embeddable":true,"href":"https:\/\/sertv.gob.pa\/nacionalfm\/wp-json\/wp\/v2\/tags?post=70376"}],"curies":[{"name":"wp","href":"https:\/\/api.w.org\/{rel}","templated":true}]}}