{"id":70379,"date":"2021-06-21T18:26:16","date_gmt":"2021-06-21T18:26:16","guid":{"rendered":"https:\/\/sertv.gob.pa\/nacionalfm\/?p=70379"},"modified":"2021-06-21T18:28:24","modified_gmt":"2021-06-21T18:28:24","slug":"american-airlines-cancela-cientos-de-vuelos-hasta-mediados-de-julio-en-parte-debido-a-la-falta-de-personal","status":"publish","type":"post","link":"https:\/\/sertv.gob.pa\/nacionalfm\/american-airlines-cancela-cientos-de-vuelos-hasta-mediados-de-julio-en-parte-debido-a-la-falta-de-personal\/","title":{"rendered":"American Airlines cancela cientos de vuelos hasta mediados de julio en parte debido a la falta de personal"},"content":{"rendered":"<p><strong><em>(CNN Business) \u2014\u00a0<\/em><\/strong><\/p>\n<p><strong><em>\u00a0<\/em><\/strong><\/p>\n<p>American Airlines cancel\u00f3 cientos de vuelos hasta al menos mediados de julio, a medida que la compa\u00f1\u00eda se esfuerza por mantener el servicio en medio de una demanda de viajes en aumento mientras la pandemia de coronavirus contin\u00faa retrocediendo en Estados Unidos, seg\u00fan un portavoz de la aerol\u00ednea.<\/p>\n<p>\u00abLas primeras semanas de junio trajeron un clima sin precedentes a nuestros centros de operaciones m\u00e1s grandes, impactando fuertemente nuestra operaci\u00f3n y causando retrasos, vuelos cancelados e interrupciones en los horarios de los miembros de la tripulaci\u00f3n y los planes de nuestros clientes\u00bb, dijo a CNN Shannon Gilson, portavoz de la aerol\u00ednea.<\/p>\n<p>\u00abEso, combinado con la escasez de fuerza laboral con la que se enfrentan algunos de nuestros proveedores y el aumento incre\u00edblemente r\u00e1pido de la demanda de los clientes, nos ha llevado a desarrollar una mayor resistencia y certeza en nuestra operaci\u00f3n ajustando una fracci\u00f3n de nuestros vuelos programados hasta mediados de julio\u00bb.<\/p>\n<p>A\u00fan as\u00ed, la fracci\u00f3n de cancelaciones suma cientos de vuelos hasta mediados de julio. El s\u00e1bado, American Airlines tuvo 120 cancelaciones, y la compa\u00f1\u00eda proyecta de 50 a 80 cancelaciones de vuelos por d\u00eda en el futuro, seg\u00fan Gibson.<\/p>\n<p>Las industrias de todo el pa\u00eds han tenido dificultades para contratar empleados mientras la econom\u00eda intenta volver a la normalidad anterior a la pandemia.<\/p>\n<p>Los clientes que hab\u00edan reservado hasta el 15 de julio ser\u00e1n notificados o ya han recibido notificaciones si sus vuelos han sido cancelados para que puedan hacer ajustes de viaje con anticipaci\u00f3n, dijo Gibson.<\/p>\n<p>Gibson a\u00f1adi\u00f3 que las cancelaciones se extender\u00e1n por todo su sistema, para minimizar el impacto en una sola \u00e1rea, aunque habr\u00e1 un efecto mayor en Dallas-Fort Worth, un centro de operaciones de American Airlines.<\/p>\n<p>&nbsp;<\/p>\n<p>Fuente: CNN<\/p>\n","protected":false},"excerpt":{"rendered":"<p>(CNN Business) \u2014\u00a0 \u00a0 American Airlines cancel\u00f3 cientos de vuelos <a href=\"https:\/\/sertv.gob.pa\/nacionalfm\/american-airlines-cancela-cientos-de-vuelos-hasta-mediados-de-julio-en-parte-debido-a-la-falta-de-personal\/\"> [&#8230;]<\/a><\/p>\n","protected":false},"author":9,"featured_media":70380,"comment_status":"closed","ping_status":"closed","sticky":false,"template":"","format":"standard","meta":{"footnotes":""},"categories":[3],"tags":[],"class_list":["post-70379","post","type-post","status-publish","format-standard","has-post-thumbnail","hentry","category-internacionales"],"_links":{"self":[{"href":"https:\/\/sertv.gob.pa\/nacionalfm\/wp-json\/wp\/v2\/posts\/70379","targetHints":{"allow":["GET"]}}],"collection":[{"href":"https:\/\/sertv.gob.pa\/nacionalfm\/wp-json\/wp\/v2\/posts"}],"about":[{"href":"https:\/\/sertv.gob.pa\/nacionalfm\/wp-json\/wp\/v2\/types\/post"}],"author":[{"embeddable":true,"href":"https:\/\/sertv.gob.pa\/nacionalfm\/wp-json\/wp\/v2\/users\/9"}],"replies":[{"embeddable":true,"href":"https:\/\/sertv.gob.pa\/nacionalfm\/wp-json\/wp\/v2\/comments?post=70379"}],"version-history":[{"count":1,"href":"https:\/\/sertv.gob.pa\/nacionalfm\/wp-json\/wp\/v2\/posts\/70379\/revisions"}],"predecessor-version":[{"id":70381,"href":"https:\/\/sertv.gob.pa\/nacionalfm\/wp-json\/wp\/v2\/posts\/70379\/revisions\/70381"}],"wp:featuredmedia":[{"embeddable":true,"href":"https:\/\/sertv.gob.pa\/nacionalfm\/wp-json\/wp\/v2\/media\/70380"}],"wp:attachment":[{"href":"https:\/\/sertv.gob.pa\/nacionalfm\/wp-json\/wp\/v2\/media?parent=70379"}],"wp:term":[{"taxonomy":"category","embeddable":true,"href":"https:\/\/sertv.gob.pa\/nacionalfm\/wp-json\/wp\/v2\/categories?post=70379"},{"taxonomy":"post_tag","embeddable":true,"href":"https:\/\/sertv.gob.pa\/nacionalfm\/wp-json\/wp\/v2\/tags?post=70379"}],"curies":[{"name":"wp","href":"https:\/\/api.w.org\/{rel}","templated":true}]}}