{"id":7038,"date":"2015-08-27T18:12:35","date_gmt":"2015-08-27T18:12:35","guid":{"rendered":""},"modified":"2015-08-27T18:12:35","modified_gmt":"2015-08-27T18:12:35","slug":"obesidad-infantil-se-incrementa-en-estados-unidos","status":"publish","type":"post","link":"https:\/\/sertv.gob.pa\/nacionalfm\/obesidad-infantil-se-incrementa-en-estados-unidos\/","title":{"rendered":"Obesidad infantil se incrementa en Estados Unidos"},"content":{"rendered":"<p>\nEn Estados Unidos la prevalencia en obesidad infantil contin\u00faa en aumento con respecto de sus pares en Canad\u00e1, seg\u00fan un informe divulgado recientemente por las autoridades de salud de Estados Unidos. <\/p>\n<p>Un an\u00e1lisis los Centros de Control y Prevenci\u00f3n de Enfermedades (CDC) hall\u00f3 que la prevalencia de obesidad entre los menores estadounidenses es 4,5 % m\u00e1s alta en Estados Unidos que en el vecino pa\u00eds, diferencia que no exist\u00eda cuatro d\u00e9cadas atr\u00e1s. <\/p>\n<p>Pese a que la tasa de obesidad infantil en Estados Unidos se ha estabilizado en la d\u00e9cada pasada, este pa\u00eds sigue rezagado en comparaci\u00f3n con Canad\u00e1, precis\u00f3 el estudio. <\/p>\n<p>\u00a0 <\/p>\n","protected":false},"excerpt":{"rendered":"<p>En Estados Unidos la prevalencia en obesidad infantil contin\u00faa en <a href=\"https:\/\/sertv.gob.pa\/nacionalfm\/obesidad-infantil-se-incrementa-en-estados-unidos\/\"> [&#8230;]<\/a><\/p>\n","protected":false},"author":1,"featured_media":7039,"comment_status":"closed","ping_status":"closed","sticky":false,"template":"","format":"standard","meta":{"footnotes":""},"categories":[5],"tags":[],"class_list":["post-7038","post","type-post","status-publish","format-standard","has-post-thumbnail","hentry","category-salud"],"_links":{"self":[{"href":"https:\/\/sertv.gob.pa\/nacionalfm\/wp-json\/wp\/v2\/posts\/7038","targetHints":{"allow":["GET"]}}],"collection":[{"href":"https:\/\/sertv.gob.pa\/nacionalfm\/wp-json\/wp\/v2\/posts"}],"about":[{"href":"https:\/\/sertv.gob.pa\/nacionalfm\/wp-json\/wp\/v2\/types\/post"}],"author":[{"embeddable":true,"href":"https:\/\/sertv.gob.pa\/nacionalfm\/wp-json\/wp\/v2\/users\/1"}],"replies":[{"embeddable":true,"href":"https:\/\/sertv.gob.pa\/nacionalfm\/wp-json\/wp\/v2\/comments?post=7038"}],"version-history":[{"count":0,"href":"https:\/\/sertv.gob.pa\/nacionalfm\/wp-json\/wp\/v2\/posts\/7038\/revisions"}],"wp:featuredmedia":[{"embeddable":true,"href":"https:\/\/sertv.gob.pa\/nacionalfm\/wp-json\/wp\/v2\/media\/7039"}],"wp:attachment":[{"href":"https:\/\/sertv.gob.pa\/nacionalfm\/wp-json\/wp\/v2\/media?parent=7038"}],"wp:term":[{"taxonomy":"category","embeddable":true,"href":"https:\/\/sertv.gob.pa\/nacionalfm\/wp-json\/wp\/v2\/categories?post=7038"},{"taxonomy":"post_tag","embeddable":true,"href":"https:\/\/sertv.gob.pa\/nacionalfm\/wp-json\/wp\/v2\/tags?post=7038"}],"curies":[{"name":"wp","href":"https:\/\/api.w.org\/{rel}","templated":true}]}}