{"id":7040,"date":"2015-08-27T19:30:22","date_gmt":"2015-08-27T19:30:22","guid":{"rendered":""},"modified":"2015-08-27T19:30:22","modified_gmt":"2015-08-27T19:30:22","slug":"alerta-por-productos-dieteticos-y-cosmeticos","status":"publish","type":"post","link":"https:\/\/sertv.gob.pa\/nacionalfm\/alerta-por-productos-dieteticos-y-cosmeticos\/","title":{"rendered":"Alerta por productos diet\u00e9ticos y cosm\u00e9ticos"},"content":{"rendered":"<p>\nEl Ministerio de Salud (Minsa) de Panam\u00e1 emiti\u00f3 una alerta sanitaria en el pa\u00eds sobre el consumo de productos alimenticios diet\u00e9ticos, que no cuentan con registros sanitarios, y sobre la manera de aplicar inyecciones para rellenar tejidos blandos del cuerpo. \u00a0 <\/p>\n<p>La alerta sobre los productos alimenticios diet\u00e9ticos fue emitida por las autoridades de Canad\u00e1, inform\u00f3 Jenny Vergara, directora nacional de Farmacias y Drogas del Minsa. \u00a0 <\/p>\n<p>Vergara detall\u00f3 que estos suplementos contienen medicamentos cuando este tipo de producto solo debe tener vitaminas. \u00a0 <\/p>\n<p>Precis\u00f3 que contienen sildenafil, que se utiliza para tratar la disfunci\u00f3n er\u00e9ctil en los hombres; adem\u00e1s de sibutramina, un f\u00e1rmaco usado para tratar la obesidad. De hecho, la Administraci\u00f3n de Medicamentos y Alimentos ha ordenado suspender la comercializaci\u00f3n de este medicamento en Estados Unidos debido a sus efectos perjudiciales sobre el aparato cardiovascular. \u00a0 <\/p>\n<p>En Panam\u00e1 no se tienen registros de estos suplementos, pero en pa\u00edses como Estados Unidos, Canad\u00e1, Singapur y Australia s\u00ed se han detectado estos productos. Por consiguiente, solicitaron a la poblaci\u00f3n abstenerse de su compra\u00a0a trav\u00e9s de internet o traerlos desde el extranjero.\u00a0 <\/p>\n<p>En el caso de las inyecciones, las autoridades sanitarias manifestaron que en el pa\u00eds s\u00ed se cuenta con el registro de al menos seis inyecciones para rellenar labios o atenuar las arrugas. \u00a0 <\/p>\n<p>Sobre este tema, la alerta se da, ya que si estas inyecciones se aplican de forma incorrecta pueden provocar serios problemas a la salud. \u00a0 <\/p>\n<p>Las autoridades hicieron un llamado a la poblaci\u00f3n para que verifique que el profesional que aplique estas inyecciones tenga los conocimientos previos adquiridos. \u00a0 <\/p>\n<p>Igualmente, representantes del Minsa dieron a conocer que proceder\u00e1n con la inspecci\u00f3n de cl\u00ednicas est\u00e9ticas para comprobar que esto se cumpla.\u00a0 <\/p>\n<p>\u00a0 <\/p>\n","protected":false},"excerpt":{"rendered":"<p>El Ministerio de Salud (Minsa) de Panam\u00e1 emiti\u00f3 una alerta <a href=\"https:\/\/sertv.gob.pa\/nacionalfm\/alerta-por-productos-dieteticos-y-cosmeticos\/\"> [&#8230;]<\/a><\/p>\n","protected":false},"author":1,"featured_media":7041,"comment_status":"closed","ping_status":"closed","sticky":false,"template":"","format":"standard","meta":{"footnotes":""},"categories":[5],"tags":[],"class_list":["post-7040","post","type-post","status-publish","format-standard","has-post-thumbnail","hentry","category-salud"],"_links":{"self":[{"href":"https:\/\/sertv.gob.pa\/nacionalfm\/wp-json\/wp\/v2\/posts\/7040","targetHints":{"allow":["GET"]}}],"collection":[{"href":"https:\/\/sertv.gob.pa\/nacionalfm\/wp-json\/wp\/v2\/posts"}],"about":[{"href":"https:\/\/sertv.gob.pa\/nacionalfm\/wp-json\/wp\/v2\/types\/post"}],"author":[{"embeddable":true,"href":"https:\/\/sertv.gob.pa\/nacionalfm\/wp-json\/wp\/v2\/users\/1"}],"replies":[{"embeddable":true,"href":"https:\/\/sertv.gob.pa\/nacionalfm\/wp-json\/wp\/v2\/comments?post=7040"}],"version-history":[{"count":0,"href":"https:\/\/sertv.gob.pa\/nacionalfm\/wp-json\/wp\/v2\/posts\/7040\/revisions"}],"wp:featuredmedia":[{"embeddable":true,"href":"https:\/\/sertv.gob.pa\/nacionalfm\/wp-json\/wp\/v2\/media\/7041"}],"wp:attachment":[{"href":"https:\/\/sertv.gob.pa\/nacionalfm\/wp-json\/wp\/v2\/media?parent=7040"}],"wp:term":[{"taxonomy":"category","embeddable":true,"href":"https:\/\/sertv.gob.pa\/nacionalfm\/wp-json\/wp\/v2\/categories?post=7040"},{"taxonomy":"post_tag","embeddable":true,"href":"https:\/\/sertv.gob.pa\/nacionalfm\/wp-json\/wp\/v2\/tags?post=7040"}],"curies":[{"name":"wp","href":"https:\/\/api.w.org\/{rel}","templated":true}]}}