{"id":70442,"date":"2021-06-22T17:34:02","date_gmt":"2021-06-22T17:34:02","guid":{"rendered":"https:\/\/sertv.gob.pa\/nacionalfm\/?p=70442"},"modified":"2021-06-22T19:07:40","modified_gmt":"2021-06-22T19:07:40","slug":"chile-comienza-a-vacunar-contra-el-covid-19-a-adolescentes-de-12-a-17-anos","status":"publish","type":"post","link":"https:\/\/sertv.gob.pa\/nacionalfm\/chile-comienza-a-vacunar-contra-el-covid-19-a-adolescentes-de-12-a-17-anos\/","title":{"rendered":"Chile comienza a vacunar contra el covid-19 a adolescentes de 12 a 17 a\u00f1os"},"content":{"rendered":"<p><strong>\u00a0<\/strong><strong><em>(CNN) \u2014<\/em><\/strong><em>\u00a0<\/em><\/p>\n<p>&nbsp;<\/p>\n<p>El gobierno de Chile anunci\u00f3 el martes que comenz\u00f3 a vacunar a adolescentes de 12 a 18 a\u00f1os contra el covid-19.<\/p>\n<p>\u00abHoy comenzamos a vacunar a ni\u00f1os, j\u00f3venes de entre 12 y 17 a\u00f1os. Esto es importante porque todos necesitamos protecci\u00f3n contra el coronavirus\u00bb, dijo el presidente Sebasti\u00e1n Pi\u00f1era en una conferencia de prensa luego de que cuatro\u00a0<a href=\"https:\/\/cnnespanol.cnn.com\/video\/vacuna-coronavirus-adolescentes-pfizer-fda-pkg-dusa-isabel-morales\/\" target=\"_blank\" rel=\"noopener\">adolescentes recibieran<\/a>\u00a0su primera dosis.<\/p>\n<p>La vacunaci\u00f3n comenzar\u00e1 con ni\u00f1os en SENAME-Chile (la agencia estatal chilena encargada de proteger los derechos de los menores en el sistema judicial), centros de salud y ni\u00f1os con comorbilidades especiales, dijo Pi\u00f1era.<\/p>\n<p>El\u00a0<a href=\"https:\/\/cnnespanol.cnn.com\/video\/chile-sebastian-pinera-vacuna-covid-19-coronavirus-cnn-primera\/\" target=\"_blank\" rel=\"noopener\">mandatario destac\u00f3<\/a>\u00a0que el pa\u00eds est\u00e1 realizando m\u00faltiples estudios cient\u00edficos \u00abpara ver si es necesaria una tercera dosis de vacuna\u00bb.<\/p>\n<p>\u00abCuando hayamos completado esos estudios, tomaremos la decisi\u00f3n que protege la salud y la vida de nuestros ciudadanos\u00bb, dijo.<\/p>\n<p>Seg\u00fan cifras del Ministerio de Salud, el pa\u00eds ha administrado m\u00e1s de 21 millones de dosis de vacuna contra covid-19. Con ello el 62,6% de la poblaci\u00f3n objetivo (15,2 millones de personas) ha sido completamente vacunada.<\/p>\n<p>&nbsp;<\/p>\n<p>Fuente: CNN<\/p>\n","protected":false},"excerpt":{"rendered":"<p>\u00a0(CNN) \u2014\u00a0 &nbsp; El gobierno de Chile anunci\u00f3 el martes <a href=\"https:\/\/sertv.gob.pa\/nacionalfm\/chile-comienza-a-vacunar-contra-el-covid-19-a-adolescentes-de-12-a-17-anos\/\"> [&#8230;]<\/a><\/p>\n","protected":false},"author":9,"featured_media":70443,"comment_status":"closed","ping_status":"closed","sticky":false,"template":"","format":"standard","meta":{"footnotes":""},"categories":[3],"tags":[],"class_list":["post-70442","post","type-post","status-publish","format-standard","has-post-thumbnail","hentry","category-internacionales"],"_links":{"self":[{"href":"https:\/\/sertv.gob.pa\/nacionalfm\/wp-json\/wp\/v2\/posts\/70442","targetHints":{"allow":["GET"]}}],"collection":[{"href":"https:\/\/sertv.gob.pa\/nacionalfm\/wp-json\/wp\/v2\/posts"}],"about":[{"href":"https:\/\/sertv.gob.pa\/nacionalfm\/wp-json\/wp\/v2\/types\/post"}],"author":[{"embeddable":true,"href":"https:\/\/sertv.gob.pa\/nacionalfm\/wp-json\/wp\/v2\/users\/9"}],"replies":[{"embeddable":true,"href":"https:\/\/sertv.gob.pa\/nacionalfm\/wp-json\/wp\/v2\/comments?post=70442"}],"version-history":[{"count":1,"href":"https:\/\/sertv.gob.pa\/nacionalfm\/wp-json\/wp\/v2\/posts\/70442\/revisions"}],"predecessor-version":[{"id":70444,"href":"https:\/\/sertv.gob.pa\/nacionalfm\/wp-json\/wp\/v2\/posts\/70442\/revisions\/70444"}],"wp:featuredmedia":[{"embeddable":true,"href":"https:\/\/sertv.gob.pa\/nacionalfm\/wp-json\/wp\/v2\/media\/70443"}],"wp:attachment":[{"href":"https:\/\/sertv.gob.pa\/nacionalfm\/wp-json\/wp\/v2\/media?parent=70442"}],"wp:term":[{"taxonomy":"category","embeddable":true,"href":"https:\/\/sertv.gob.pa\/nacionalfm\/wp-json\/wp\/v2\/categories?post=70442"},{"taxonomy":"post_tag","embeddable":true,"href":"https:\/\/sertv.gob.pa\/nacionalfm\/wp-json\/wp\/v2\/tags?post=70442"}],"curies":[{"name":"wp","href":"https:\/\/api.w.org\/{rel}","templated":true}]}}