{"id":70448,"date":"2021-06-22T19:16:07","date_gmt":"2021-06-22T19:16:07","guid":{"rendered":"https:\/\/sertv.gob.pa\/nacionalfm\/?p=70448"},"modified":"2021-06-22T19:16:07","modified_gmt":"2021-06-22T19:16:07","slug":"valerie-bacot-una-mujer-que-mato-a-su-marido-abusivo-en-francia-enfrenta-juicio-por-homicidio","status":"publish","type":"post","link":"https:\/\/sertv.gob.pa\/nacionalfm\/valerie-bacot-una-mujer-que-mato-a-su-marido-abusivo-en-francia-enfrenta-juicio-por-homicidio\/","title":{"rendered":"Valerie Bacot, una mujer que mat\u00f3 a su marido abusivo en Francia, enfrenta juicio por homicidio"},"content":{"rendered":"<p><strong><em>Par\u00eds (CNN) \u2014<\/em><\/strong><em>\u00a0<\/em><\/p>\n<p>&nbsp;<\/p>\n<p>El juicio por homicidio contra una mujer que mat\u00f3 a su marido abusivo comenz\u00f3 el lunes en la ciudad francesa de Chalon-sur-Sa\u00f4ne.<\/p>\n<p>En su libro Tout Le Monde Savait (Todos sab\u00edan) publicado en mayo, Valerie Bacot, de 40 a\u00f1os, admiti\u00f3 haber matado a tiros a Daniel Polette en defensa propia en 2016. Se enfrenta a cadena perpetua por homicidio.<\/p>\n<p>\u00abFue con esa misma arma, en otro bosque un d\u00eda y para que no nos matara, que lo mat\u00e9\u00bb, escribi\u00f3 Bacot.<\/p>\n<p>Bacot dijo que Polette, 25 a\u00f1os mayor que ella, la viol\u00f3 por primera vez cuando ten\u00eda 12 a\u00f1os. En ese momento, Polette era el novio de su madre, pero Bacot se refiere a \u00e9l como su padrastro en el libro.<\/p>\n<p>En 1996, Polette fue condenado por la violaci\u00f3n de una menor y pas\u00f3 dos a\u00f1os y medio en prisi\u00f3n, dijo a CNN la abogada de Bacot, Nathalie Tomasini.<\/p>\n<p>Bacot escribi\u00f3 en su libro que despu\u00e9s de que liberaron a Polette, \u00e9l comenz\u00f3 a abusar de ella nuevamente y la dej\u00f3 embarazada a la edad de 17 a\u00f1os.<\/p>\n<p>\u00abUna ma\u00f1ana en el comedor comienza a gritar porque no guard\u00e9 los juguetes del beb\u00e9 correctamente. Se vuelve hacia m\u00ed y me abofetea con fuerza sin previo aviso\u00bb, escribi\u00f3 Bacot, recordando una de las innumerables ocasiones en que Polette la golpe\u00f3.<\/p>\n<p>En el transcurso de 18 a\u00f1os, Bacot y Polette tuvieron cuatro hijos, dos de los cuales ayudaron a enterrar el cuerpo de su padre despu\u00e9s de que Bacot le dispar\u00f3. En 2019, cada uno recibi\u00f3 una sentencia de prisi\u00f3n suspendida de 6 meses por ocultar un cad\u00e1ver humano, dijo el abogado de Bacot.<\/p>\n<p>Durante el curso de la investigaci\u00f3n los menores hablaron sobre el implacable abuso que sufri\u00f3 su madre a manos de Polette. Seg\u00fan documentos judiciales, el psiquiatra designado por el tribunal dijo que Bacot estaba \u00abclaramente bajo el control de Polette\u00bb.<\/p>\n<p>Bacot le dijo a la polic\u00eda que Polette la someti\u00f3 a repetidas palizas y que la oblig\u00f3 a prostituirse.<\/p>\n<p>En m\u00faltiples ocasiones, Polette supuestamente le dijo a Bacot que, si ella lo dejaba, \u00e9l la matar\u00eda a ella y a sus hijos.<\/p>\n<p>\u00abNo te preocupes: un d\u00eda te ir\u00e1s de aqu\u00ed\u00bb, dijo Polette la primera vez que hizo tal amenaza, como recuerda Bacot en su libro.<\/p>\n<p>\u00ab\u00a1Pero ser\u00e1 con los pies por delante, y los ni\u00f1os tambi\u00e9n!\u00bb.<\/p>\n<p>El fiscal ha dicho que el asesinato de Polette fue premeditado; los abogados de Bacot lo niegan.<\/p>\n<p>Una petici\u00f3n para no encarcelar a Bacot fue lanzada en l\u00ednea por defensores en enero, y hasta ahora ha recibido m\u00e1s de 580.000 firmas.<\/p>\n<p>Se espera que el juicio dure cinco d\u00edas.<\/p>\n<p>El caso de Bacot recuerda al de Jacqueline Sauvage, una mujer francesa que fue sentenciada a 10 a\u00f1os de c\u00e1rcel despu\u00e9s de ser declarada culpable de disparar fatalmente a su esposo tres veces por la espalda con un rifle de caza en 2012, solo un d\u00eda despu\u00e9s de que su hijo se ahorc\u00f3.<\/p>\n<p>Despu\u00e9s de cumplir tres a\u00f1os tras las rejas, Sauvage fue liberada en 2016 cuando el entonces presidente Francois Hollande le otorg\u00f3 un indulto.<\/p>\n<p>Las ONG han estado dando la alarma sobre los feminicidios en Francia. Solo este a\u00f1o, 43 mujeres han perdido la vida a manos de sus parejas o maridos, seg\u00fan el grupo de defensa \u00abFeminicides par compagnon ou ex\u00bb, en comparaci\u00f3n con 90 mujeres en 2020, seg\u00fan el ministro de Justicia franc\u00e9s Eric Dupond-Moretti. El Ministerio del Interior de Francia registr\u00f3 146 feminicidios en 2019.<\/p>\n<p>&nbsp;<\/p>\n<p>Fuente: CNN<\/p>\n","protected":false},"excerpt":{"rendered":"<p>Par\u00eds (CNN) \u2014\u00a0 &nbsp; El juicio por homicidio contra una <a href=\"https:\/\/sertv.gob.pa\/nacionalfm\/valerie-bacot-una-mujer-que-mato-a-su-marido-abusivo-en-francia-enfrenta-juicio-por-homicidio\/\"> [&#8230;]<\/a><\/p>\n","protected":false},"author":9,"featured_media":70449,"comment_status":"closed","ping_status":"closed","sticky":false,"template":"","format":"standard","meta":{"footnotes":""},"categories":[3],"tags":[],"class_list":["post-70448","post","type-post","status-publish","format-standard","has-post-thumbnail","hentry","category-internacionales"],"_links":{"self":[{"href":"https:\/\/sertv.gob.pa\/nacionalfm\/wp-json\/wp\/v2\/posts\/70448","targetHints":{"allow":["GET"]}}],"collection":[{"href":"https:\/\/sertv.gob.pa\/nacionalfm\/wp-json\/wp\/v2\/posts"}],"about":[{"href":"https:\/\/sertv.gob.pa\/nacionalfm\/wp-json\/wp\/v2\/types\/post"}],"author":[{"embeddable":true,"href":"https:\/\/sertv.gob.pa\/nacionalfm\/wp-json\/wp\/v2\/users\/9"}],"replies":[{"embeddable":true,"href":"https:\/\/sertv.gob.pa\/nacionalfm\/wp-json\/wp\/v2\/comments?post=70448"}],"version-history":[{"count":1,"href":"https:\/\/sertv.gob.pa\/nacionalfm\/wp-json\/wp\/v2\/posts\/70448\/revisions"}],"predecessor-version":[{"id":70450,"href":"https:\/\/sertv.gob.pa\/nacionalfm\/wp-json\/wp\/v2\/posts\/70448\/revisions\/70450"}],"wp:featuredmedia":[{"embeddable":true,"href":"https:\/\/sertv.gob.pa\/nacionalfm\/wp-json\/wp\/v2\/media\/70449"}],"wp:attachment":[{"href":"https:\/\/sertv.gob.pa\/nacionalfm\/wp-json\/wp\/v2\/media?parent=70448"}],"wp:term":[{"taxonomy":"category","embeddable":true,"href":"https:\/\/sertv.gob.pa\/nacionalfm\/wp-json\/wp\/v2\/categories?post=70448"},{"taxonomy":"post_tag","embeddable":true,"href":"https:\/\/sertv.gob.pa\/nacionalfm\/wp-json\/wp\/v2\/tags?post=70448"}],"curies":[{"name":"wp","href":"https:\/\/api.w.org\/{rel}","templated":true}]}}