{"id":705,"date":"2014-08-01T05:00:00","date_gmt":"2014-08-01T05:00:00","guid":{"rendered":""},"modified":"2014-08-01T05:00:00","modified_gmt":"2014-08-01T05:00:00","slug":"mosquitos-transgenicos-seran-creados-para-combatir-dengue","status":"publish","type":"post","link":"https:\/\/sertv.gob.pa\/nacionalfm\/mosquitos-transgenicos-seran-creados-para-combatir-dengue\/","title":{"rendered":"Mosquitos transg\u00e9nicos ser\u00e1n creados para combatir dengue"},"content":{"rendered":"<p>\nLa compa\u00f1\u00eda brit\u00e1nica Oxitec empezar\u00e1 a producir en su planta en Campinas, municipio en el estado brasile\u00f1o de Sao Paulo, millones de mosquitos gen\u00e9ticamente modificados para que tengan cr\u00edas no viables, para soltarlos posteriormente con el fin de\u00a0 reducir \u00a0la poblaci\u00f3n de la especie aedes aegypti.\u00a0 @nacionalFm <\/p>\n","protected":false},"excerpt":{"rendered":"<p>La compa\u00f1\u00eda brit\u00e1nica Oxitec empezar\u00e1 a producir en su planta <a href=\"https:\/\/sertv.gob.pa\/nacionalfm\/mosquitos-transgenicos-seran-creados-para-combatir-dengue\/\"> [&#8230;]<\/a><\/p>\n","protected":false},"author":1,"featured_media":706,"comment_status":"closed","ping_status":"closed","sticky":false,"template":"","format":"standard","meta":{"footnotes":""},"categories":[5],"tags":[],"class_list":["post-705","post","type-post","status-publish","format-standard","has-post-thumbnail","hentry","category-salud"],"_links":{"self":[{"href":"https:\/\/sertv.gob.pa\/nacionalfm\/wp-json\/wp\/v2\/posts\/705","targetHints":{"allow":["GET"]}}],"collection":[{"href":"https:\/\/sertv.gob.pa\/nacionalfm\/wp-json\/wp\/v2\/posts"}],"about":[{"href":"https:\/\/sertv.gob.pa\/nacionalfm\/wp-json\/wp\/v2\/types\/post"}],"author":[{"embeddable":true,"href":"https:\/\/sertv.gob.pa\/nacionalfm\/wp-json\/wp\/v2\/users\/1"}],"replies":[{"embeddable":true,"href":"https:\/\/sertv.gob.pa\/nacionalfm\/wp-json\/wp\/v2\/comments?post=705"}],"version-history":[{"count":0,"href":"https:\/\/sertv.gob.pa\/nacionalfm\/wp-json\/wp\/v2\/posts\/705\/revisions"}],"wp:featuredmedia":[{"embeddable":true,"href":"https:\/\/sertv.gob.pa\/nacionalfm\/wp-json\/wp\/v2\/media\/706"}],"wp:attachment":[{"href":"https:\/\/sertv.gob.pa\/nacionalfm\/wp-json\/wp\/v2\/media?parent=705"}],"wp:term":[{"taxonomy":"category","embeddable":true,"href":"https:\/\/sertv.gob.pa\/nacionalfm\/wp-json\/wp\/v2\/categories?post=705"},{"taxonomy":"post_tag","embeddable":true,"href":"https:\/\/sertv.gob.pa\/nacionalfm\/wp-json\/wp\/v2\/tags?post=705"}],"curies":[{"name":"wp","href":"https:\/\/api.w.org\/{rel}","templated":true}]}}