{"id":70548,"date":"2021-06-24T16:51:01","date_gmt":"2021-06-24T16:51:01","guid":{"rendered":"https:\/\/sertv.gob.pa\/nacionalfm\/?p=70548"},"modified":"2021-06-24T16:51:01","modified_gmt":"2021-06-24T16:51:01","slug":"colapso-de-edificio-en-surfside-florida-hay-multiples-victimas-y-desaparecidos","status":"publish","type":"post","link":"https:\/\/sertv.gob.pa\/nacionalfm\/colapso-de-edificio-en-surfside-florida-hay-multiples-victimas-y-desaparecidos\/","title":{"rendered":"Colapso de edificio en Surfside, Florida: hay m\u00faltiples v\u00edctimas y desaparecidos"},"content":{"rendered":"<p><strong>\u00a0<\/strong><strong><em>(CNN) \u2014\u00a0<\/em><\/strong><\/p>\n<p><strong><em>\u00a0<\/em><\/strong><\/p>\n<p>El alcalde de Surfside, Charles W. Burkett, confirma que hay al menos una muerte por el derrumbe del edificio de la madrugada del jueves.<\/p>\n<p>Seg\u00fan Burkett, la persona fue trasladada al hospital donde se le declar\u00f3 fallecida.<\/p>\n<p>Hay al menos 10 personas heridas. Entre los desaparecidos hay varios latinoamericanos.<\/p>\n<p>\u201cEsta es una terrible cat\u00e1strofe. En los Estados Unidos, los edificios simplemente no se caen\u00bb, le dijo Burkett a Leyla Santiago de CNN.<\/p>\n<p>El alcalde dijo a los reporteros que diez personas fueron tratadas en la escena y que el edificio fue despejado.<\/p>\n<p>El alcalde continu\u00f3 diciendo que el edificio estaba siendo sometido a trabajos de techado, pero no pudo decir si eso fue un factor que contribuy\u00f3 al colapso.<\/p>\n<p>El edificio est\u00e1 ubicado en 8777 Collins Avenue, a unas pocas millas al norte de Miami Beach.<\/p>\n<p>Fue construido en la d\u00e9cada de 1980, seg\u00fan el alcalde de Surfside, Charles Burkett, y \u00abestaba bastante ocupado\u00bb.<\/p>\n<p>El edificio tiene 12 pisos y 136 unidades. Aproximadamente 55 unidades de apartamentos colapsaron, seg\u00fan Ray Jadallah del Cuerpo de Bomberos de Miami-Dade.<\/p>\n<p>El video de la escena muestra enormes pilas de escombros cerca del edificio da\u00f1ado, as\u00ed como una gran cantidad de socorristas.<\/p>\n<p>Kimberly Morales le dijo a CNN que vive en el edificio al otro lado de la calle del derrumbe y que la despertaron las alarmas del edificio y golpes en su puerta.<\/p>\n<p>\u00abDespert\u00e9 a todos en la habitaci\u00f3n porque cuando mir\u00e9 por la ventana, vi a todos afuera\u00bb, le dijo a CNN. \u00abLes dije a todos que se dieran prisa y salieran del edificio\u00bb.<\/p>\n<p>Morales dijo que no escuch\u00f3 el derrumbe, pero cuando sali\u00f3, vio que faltaba una parte significativa del edificio.<\/p>\n<p>Ahora est\u00e1 en un centro comunitario con otros evacuados, dijo.<\/p>\n<p><strong>Fuertes tormentas avanzan hacia el sitio del derrumbe<\/strong><\/p>\n<p>Una l\u00ednea de aguaceros y tormentas se dirige hacia el oeste, hacia el \u00e1rea costera de la zona metropolitana de Miami, lo que podr\u00eda afectar la actividad de b\u00fasqueda y rescate alrededor del derrumbe del edificio en Surfside, Florida.<\/p>\n<p>Esta actividad debe moverse sobre \u00e1reas costeras en los pr\u00f3ximos 30 minutos aproximadamente cuando pueden ocurrir inundaciones localizadas y breves r\u00e1fagas de viento.<\/p>\n<p>Es posible que haya aguaceros continuos durante las horas de la ma\u00f1ana, y una vez que la brisa del mar entre, la lluvia deber\u00eda moverse m\u00e1s hacia el interior hoy.<\/p>\n<p>&nbsp;<\/p>\n<p>Fuente: CNN<\/p>\n<p>&nbsp;<\/p>\n<p>&nbsp;<\/p>\n","protected":false},"excerpt":{"rendered":"<p>\u00a0(CNN) \u2014\u00a0 \u00a0 El alcalde de Surfside, Charles W. Burkett, <a href=\"https:\/\/sertv.gob.pa\/nacionalfm\/colapso-de-edificio-en-surfside-florida-hay-multiples-victimas-y-desaparecidos\/\"> [&#8230;]<\/a><\/p>\n","protected":false},"author":9,"featured_media":70549,"comment_status":"closed","ping_status":"closed","sticky":false,"template":"","format":"standard","meta":{"footnotes":""},"categories":[3],"tags":[],"class_list":["post-70548","post","type-post","status-publish","format-standard","has-post-thumbnail","hentry","category-internacionales"],"_links":{"self":[{"href":"https:\/\/sertv.gob.pa\/nacionalfm\/wp-json\/wp\/v2\/posts\/70548","targetHints":{"allow":["GET"]}}],"collection":[{"href":"https:\/\/sertv.gob.pa\/nacionalfm\/wp-json\/wp\/v2\/posts"}],"about":[{"href":"https:\/\/sertv.gob.pa\/nacionalfm\/wp-json\/wp\/v2\/types\/post"}],"author":[{"embeddable":true,"href":"https:\/\/sertv.gob.pa\/nacionalfm\/wp-json\/wp\/v2\/users\/9"}],"replies":[{"embeddable":true,"href":"https:\/\/sertv.gob.pa\/nacionalfm\/wp-json\/wp\/v2\/comments?post=70548"}],"version-history":[{"count":1,"href":"https:\/\/sertv.gob.pa\/nacionalfm\/wp-json\/wp\/v2\/posts\/70548\/revisions"}],"predecessor-version":[{"id":70552,"href":"https:\/\/sertv.gob.pa\/nacionalfm\/wp-json\/wp\/v2\/posts\/70548\/revisions\/70552"}],"wp:featuredmedia":[{"embeddable":true,"href":"https:\/\/sertv.gob.pa\/nacionalfm\/wp-json\/wp\/v2\/media\/70549"}],"wp:attachment":[{"href":"https:\/\/sertv.gob.pa\/nacionalfm\/wp-json\/wp\/v2\/media?parent=70548"}],"wp:term":[{"taxonomy":"category","embeddable":true,"href":"https:\/\/sertv.gob.pa\/nacionalfm\/wp-json\/wp\/v2\/categories?post=70548"},{"taxonomy":"post_tag","embeddable":true,"href":"https:\/\/sertv.gob.pa\/nacionalfm\/wp-json\/wp\/v2\/tags?post=70548"}],"curies":[{"name":"wp","href":"https:\/\/api.w.org\/{rel}","templated":true}]}}