{"id":70669,"date":"2021-06-28T17:52:33","date_gmt":"2021-06-28T17:52:33","guid":{"rendered":"https:\/\/sertv.gob.pa\/nacionalfm\/?p=70669"},"modified":"2021-06-28T17:54:20","modified_gmt":"2021-06-28T17:54:20","slug":"gobierno-de-nicaragua-responde-a-espana-por-ofensivas-declaraciones","status":"publish","type":"post","link":"https:\/\/sertv.gob.pa\/nacionalfm\/gobierno-de-nicaragua-responde-a-espana-por-ofensivas-declaraciones\/","title":{"rendered":"Gobierno de Nicaragua responde a Espa\u00f1a por \u00abofensivas declaraciones\u00bb"},"content":{"rendered":"<p><strong><em>(CNN Espa\u00f1ol) \u2014<\/em><\/strong><\/p>\n<p><strong>\u00a0<\/strong><\/p>\n<p>Nicaragua respondi\u00f3 a Espa\u00f1a ante lo que considera \u00abofensivas declaraciones\u00bb de la canciller espa\u00f1ola, Arancha Gonz\u00e1lez, sobre el pa\u00eds y su presidente y recordando lo que llam\u00f3 \u00abtropel\u00edas y cr\u00edmenes atroces cometidos por la Corona Espa\u00f1ola durante la conquista de Am\u00e9rica\u00bb.<\/p>\n<p>A trav\u00e9s de una carta dirigida a su hom\u00f3loga, el canciller nicarag\u00fcense Denis Moncada expres\u00f3 que: \u00abMostrando una ignorancia atrevida, y una ferocidad impropia para la Diplomacia, la Se\u00f1ora Gonz\u00e1lez se dirige al presidente de un Pueblo Libre y Soberano, con voz de Alguacil, sin percatarse en su perorata delirante de trasnochada Mandam\u00e1s, que llevamos siglos sin dominio espa\u00f1ol, adem\u00e1s de nunca haber reconocido Bondad alguna en esos furibundos cr\u00edmenes hisp\u00e1nicos, cr\u00edmenes de lesa humanidad\u201d.<\/p>\n<p>La ministra de Asuntos Exteriores de la Uni\u00f3n Europea y Cooperaci\u00f3n de Espa\u00f1a, Arancha Gonz\u00e1lez Laya, en una rueda de prensa el viernes se refiri\u00f3 a la\u00a0<a href=\"https:\/\/cnn.it\/2UEL4xo\" target=\"_blank\" rel=\"noopener\">detenci\u00f3n de 20 opositores<\/a>\u00a0entre ellos 5 aspirantes presidenciales, se\u00f1alados por el gobierno de Daniel de Ortega de cometer supuestos actos contra la soberan\u00eda nacional.<\/p>\n<p>\u00abHe buscado a trav\u00e9s del di\u00e1logo discreto que se reviertan estas medidas, evidentemente no veo progreso en esa direcci\u00f3n, y evidentemente Espa\u00f1a en conjunto con el resto de los pa\u00edses miembros de la Uni\u00f3n Europea est\u00e1 considerando cuales tienen que ser los pr\u00f3ximos pasos. Nos preocupa la ciudadan\u00eda nicarag\u00fcense; nos preocupa que se est\u00e9n pisoteando sus derechos\u00bb expres\u00f3 Gonz\u00e1lez.<\/p>\n<p>Ante estas declaraciones de la diplom\u00e1tica espa\u00f1ola, el canciller nicarag\u00fcense expres\u00f3: \u00abFuimos sometidos al dominio esclavo por la fuerza brutal de la Espada y la Cruz. Nosotros hemos denunciado, y denunciamos, la barbarie y la aniquilaci\u00f3n genocida de nuestros Pueblos Originarios, el codicioso saqueo de nuestros Recursos Naturales, el avasallamiento de nuestras Lenguas y Culturas, as\u00ed como la salvaje implantaci\u00f3n, o imposici\u00f3n, de S\u00edmbolos que no nos pertenecen. Y la denunciamos a Usted hoy, como expresi\u00f3n del desconocimiento tosco e irrespetuoso que produce cierta pretensi\u00f3n, burda y rid\u00edcula de superioridad, que Usted misma se atribuye y exhibe\u00bb.<\/p>\n<p>El 21 de junio, M\u00e9xico y Argentina llamaron a consulta a sus capitales a sus respectivos embajadores en la Rep\u00fablica de Nicaragua para analizar las \u00faltimas acciones pol\u00edtico-legales del gobierno nicarag\u00fcense, que seg\u00fan un comunicado conjunto \u00abhan puesto en riesgo la integridad y la libertad de diversas figuras de la oposici\u00f3n (incluidos precandidatos presidenciales) activistas y empresarios nicarag\u00fcenses\u00bb.<\/p>\n<p>El presidente de M\u00e9xico Andr\u00e9s Manuel L\u00f3pez Obrador en su conferencia del viernes dijo que su pa\u00eds respeta el principio de no injerencia en asuntos internos de los pa\u00edses, pero que en todos los pa\u00edses de deben respetar los derechos humanos y no debe haber represi\u00f3n.<\/p>\n<p>Nicaragua no ha reaccionado de forma directa a estas acciones y opiniones de Argentina y M\u00e9xico. El presidente Ortega dijo el mi\u00e9rcoles que los 20 detenidos, hasta entonces, son \u201ccriminales\u201d que integraban una supuesta red que recib\u00eda financiamiento internacional para planear un nuevo golpe de Estado. Sus familiares y abogados han rechazado tales afirmaciones.<\/p>\n<p>&nbsp;<\/p>\n<p>Fuente: CNN<\/p>\n","protected":false},"excerpt":{"rendered":"<p>(CNN Espa\u00f1ol) \u2014 \u00a0 Nicaragua respondi\u00f3 a Espa\u00f1a ante lo <a href=\"https:\/\/sertv.gob.pa\/nacionalfm\/gobierno-de-nicaragua-responde-a-espana-por-ofensivas-declaraciones\/\"> [&#8230;]<\/a><\/p>\n","protected":false},"author":9,"featured_media":70672,"comment_status":"closed","ping_status":"closed","sticky":false,"template":"","format":"standard","meta":{"footnotes":""},"categories":[3],"tags":[],"class_list":["post-70669","post","type-post","status-publish","format-standard","has-post-thumbnail","hentry","category-internacionales"],"_links":{"self":[{"href":"https:\/\/sertv.gob.pa\/nacionalfm\/wp-json\/wp\/v2\/posts\/70669","targetHints":{"allow":["GET"]}}],"collection":[{"href":"https:\/\/sertv.gob.pa\/nacionalfm\/wp-json\/wp\/v2\/posts"}],"about":[{"href":"https:\/\/sertv.gob.pa\/nacionalfm\/wp-json\/wp\/v2\/types\/post"}],"author":[{"embeddable":true,"href":"https:\/\/sertv.gob.pa\/nacionalfm\/wp-json\/wp\/v2\/users\/9"}],"replies":[{"embeddable":true,"href":"https:\/\/sertv.gob.pa\/nacionalfm\/wp-json\/wp\/v2\/comments?post=70669"}],"version-history":[{"count":1,"href":"https:\/\/sertv.gob.pa\/nacionalfm\/wp-json\/wp\/v2\/posts\/70669\/revisions"}],"predecessor-version":[{"id":70671,"href":"https:\/\/sertv.gob.pa\/nacionalfm\/wp-json\/wp\/v2\/posts\/70669\/revisions\/70671"}],"wp:featuredmedia":[{"embeddable":true,"href":"https:\/\/sertv.gob.pa\/nacionalfm\/wp-json\/wp\/v2\/media\/70672"}],"wp:attachment":[{"href":"https:\/\/sertv.gob.pa\/nacionalfm\/wp-json\/wp\/v2\/media?parent=70669"}],"wp:term":[{"taxonomy":"category","embeddable":true,"href":"https:\/\/sertv.gob.pa\/nacionalfm\/wp-json\/wp\/v2\/categories?post=70669"},{"taxonomy":"post_tag","embeddable":true,"href":"https:\/\/sertv.gob.pa\/nacionalfm\/wp-json\/wp\/v2\/tags?post=70669"}],"curies":[{"name":"wp","href":"https:\/\/api.w.org\/{rel}","templated":true}]}}