{"id":70673,"date":"2021-06-28T18:01:37","date_gmt":"2021-06-28T18:01:37","guid":{"rendered":"https:\/\/sertv.gob.pa\/nacionalfm\/?p=70673"},"modified":"2021-06-28T18:01:37","modified_gmt":"2021-06-28T18:01:37","slug":"hay-al-menos-57-casos-de-personas-desaparecidas-en-la-carretera-de-la-muerte-de-mexico-cerca-de-la-frontera-con-ee-uu","status":"publish","type":"post","link":"https:\/\/sertv.gob.pa\/nacionalfm\/hay-al-menos-57-casos-de-personas-desaparecidas-en-la-carretera-de-la-muerte-de-mexico-cerca-de-la-frontera-con-ee-uu\/","title":{"rendered":"Hay al menos 57 casos de personas desaparecidas en la \u00abcarretera de la muerte\u00bb de M\u00e9xico, cerca de la frontera con EE.UU."},"content":{"rendered":"<p><strong><em>(CNN) \u2014<\/em><\/strong><em>\u00a0<\/em><\/p>\n<p>&nbsp;<\/p>\n<p>Desde enero de este a\u00f1o, se ha denunciado la desaparici\u00f3n de al menos 57 personas que viajaban por la \u00abcarretera de la muerte\u00bb de M\u00e9xico, cerca de la frontera sureste entre Estados Unidos y M\u00e9xico, inform\u00f3 el viernes la Fiscal\u00eda General de Justicia del estado mexicano de Tamaulipas.<\/p>\n<p>Al tramo de carretera de aproximadamente 217 kil\u00f3metros, cerca de la frontera sureste entre M\u00e9xico y Estados Unidos, se le conoce por la fuerte presencia de c\u00e1rteles del narcotr\u00e1fico como el C\u00e1rtel del Golfo y el C\u00e1rtel del Noreste, entre otras organizaciones criminales.<\/p>\n<p>\u00abComo resultado de las denuncias presentadas por la desaparici\u00f3n de personas en la carretera Monterrey-Nuevo Laredo, las Fiscal\u00edas General de Justicia de Nuevo Le\u00f3n (FJGNL) y de Tamaulipas (FGJT) iniciaron las correspondientes (investigaciones de acuerdo) a sus competencias y jurisdicciones\u00bb, dijo el viernes un comunicado de la Fiscal\u00eda de Tamaulipas.<\/p>\n<p><strong>Podr\u00eda haber m\u00e1s personas desaparecidas tras pasar por la carretera<\/strong><\/p>\n<p>El n\u00famero de \u00abinvestigaciones\u00bb no refleja la cantidad total de personas desaparecidas desde enero, ya que cada caso de investigaci\u00f3n puede contener una o m\u00e1s personas desaparecidas, inform\u00f3 un portavoz de la Fiscal\u00eda de Tamaulipas a CNN el domingo.<\/p>\n<p>En las \u00faltimas semanas, se encontraron 18 personas en el estado de Nuevo Le\u00f3n y 16 en el estado de Tamaulipas, seg\u00fan el comunicado del viernes.<\/p>\n<p>Sin embargo, 11.542 personas siguen desaparecidas en Tamaulipas y 5.257 en Nuevo Le\u00f3n, seg\u00fan datos oficiales.<\/p>\n<p><strong>Desaparici\u00f3n de ciudadanos estadounidenses<\/strong><\/p>\n<p>Entre los \u00faltimos desaparecidos, hay al menos tres ciudadanos estadounidenses.<\/p>\n<p>El s\u00e1bado, la Oficina del FBI en San Antonio, Texas, report\u00f3 a tres ciudadanos estadounidenses de Laredo, Texas, como desaparecidos, diciendo que \u00abGladys P\u00e9rez S\u00e1nchez, de 39 a\u00f1os, y sus dos hijos fueron vistos por \u00faltima vez el 13 de junio despu\u00e9s de una visita con miembros de la familia en Sabinas Hidalgo, Nuevo Le\u00f3n\u00bb.<\/p>\n<p>M\u00e1s de 89.000 personas siguen desaparecidas en M\u00e9xico desde 1964 hasta la fecha, seg\u00fan datos de la Comisi\u00f3n Nacional de B\u00fasqueda del Gobierno.<\/p>\n<p>Fuente: CNN<\/p>\n","protected":false},"excerpt":{"rendered":"<p>(CNN) \u2014\u00a0 &nbsp; Desde enero de este a\u00f1o, se ha <a href=\"https:\/\/sertv.gob.pa\/nacionalfm\/hay-al-menos-57-casos-de-personas-desaparecidas-en-la-carretera-de-la-muerte-de-mexico-cerca-de-la-frontera-con-ee-uu\/\"> [&#8230;]<\/a><\/p>\n","protected":false},"author":9,"featured_media":70674,"comment_status":"closed","ping_status":"closed","sticky":false,"template":"","format":"standard","meta":{"footnotes":""},"categories":[3],"tags":[],"class_list":["post-70673","post","type-post","status-publish","format-standard","has-post-thumbnail","hentry","category-internacionales"],"_links":{"self":[{"href":"https:\/\/sertv.gob.pa\/nacionalfm\/wp-json\/wp\/v2\/posts\/70673","targetHints":{"allow":["GET"]}}],"collection":[{"href":"https:\/\/sertv.gob.pa\/nacionalfm\/wp-json\/wp\/v2\/posts"}],"about":[{"href":"https:\/\/sertv.gob.pa\/nacionalfm\/wp-json\/wp\/v2\/types\/post"}],"author":[{"embeddable":true,"href":"https:\/\/sertv.gob.pa\/nacionalfm\/wp-json\/wp\/v2\/users\/9"}],"replies":[{"embeddable":true,"href":"https:\/\/sertv.gob.pa\/nacionalfm\/wp-json\/wp\/v2\/comments?post=70673"}],"version-history":[{"count":1,"href":"https:\/\/sertv.gob.pa\/nacionalfm\/wp-json\/wp\/v2\/posts\/70673\/revisions"}],"predecessor-version":[{"id":70675,"href":"https:\/\/sertv.gob.pa\/nacionalfm\/wp-json\/wp\/v2\/posts\/70673\/revisions\/70675"}],"wp:featuredmedia":[{"embeddable":true,"href":"https:\/\/sertv.gob.pa\/nacionalfm\/wp-json\/wp\/v2\/media\/70674"}],"wp:attachment":[{"href":"https:\/\/sertv.gob.pa\/nacionalfm\/wp-json\/wp\/v2\/media?parent=70673"}],"wp:term":[{"taxonomy":"category","embeddable":true,"href":"https:\/\/sertv.gob.pa\/nacionalfm\/wp-json\/wp\/v2\/categories?post=70673"},{"taxonomy":"post_tag","embeddable":true,"href":"https:\/\/sertv.gob.pa\/nacionalfm\/wp-json\/wp\/v2\/tags?post=70673"}],"curies":[{"name":"wp","href":"https:\/\/api.w.org\/{rel}","templated":true}]}}