{"id":707,"date":"2014-08-01T05:00:00","date_gmt":"2014-08-01T05:00:00","guid":{"rendered":""},"modified":"2014-08-01T05:00:00","modified_gmt":"2014-08-01T05:00:00","slug":"aumenta-temor-a-epidemia-de-ebola-en-europa-y-asia","status":"publish","type":"post","link":"https:\/\/sertv.gob.pa\/nacionalfm\/aumenta-temor-a-epidemia-de-ebola-en-europa-y-asia\/","title":{"rendered":"Aumenta temor a epidemia de \u00c9bola en Europa y Asia"},"content":{"rendered":"<p>\nLos temores de que el brote de \u00c9bola en \u00c1frica se propague a otros continentes crec\u00eda, cuando pa\u00edses de Europa y Asia se pon\u00edan en alerta y M\u00e9dicos Sin Fronteras (MSF) advert\u00edan que la epidemia est\u00e1 fuera de control. <\/p>\n<p>MSF asegur\u00f3 que la crisis que azota el occidente de \u00c1frica \u00fanicamente empeorar\u00e1 y advirti\u00f3 que no existe ninguna estrategia global para manejar el peor brote mundial de la fiebre hemorr\u00e1gica, que carece de vacuna y tiene un alto porcentaje de mortalidad. <\/p>\n<p>\u00abSi la situaci\u00f3n no mejora r\u00e1pidamente, existe un riesgo real de que se infecten otros pa\u00edses\u00bb, manifest\u00f3 Bart Janssens, director de operaciones de MSF. <\/p>\n<p>La fiebre hemorr\u00e1gica, que ha dejado m\u00e1s de 1.200 infectados y m\u00e1s de 670 muertos desde marzo en Guinea, Liberia y Sierra Leona, alcanz\u00f3 igualmente Nigeria cuando falleci\u00f3 all\u00ed un viajero proveniente de Liberia.\u00a0Tras este caso la aerol\u00ednea panafricana ASKY suspendi\u00f3 el martes sus vuelos desde y hacia Liberia y Sierra Leona. <\/p>\n<p>En medio de este panorama, las autoridades de la Organizaci\u00f3n de la Aviaci\u00f3n Civil Internacional (OACI) se reunieron con sus pares de la Organizaci\u00f3n Mundial de la Salud (OMS) para evaluar las medidas a tomar.\u00a0 @nacionalFm <\/p>\n<p>\u00a0 <\/p>\n","protected":false},"excerpt":{"rendered":"<p>Los temores de que el brote de \u00c9bola en \u00c1frica <a href=\"https:\/\/sertv.gob.pa\/nacionalfm\/aumenta-temor-a-epidemia-de-ebola-en-europa-y-asia\/\"> [&#8230;]<\/a><\/p>\n","protected":false},"author":1,"featured_media":708,"comment_status":"closed","ping_status":"closed","sticky":false,"template":"","format":"standard","meta":{"footnotes":""},"categories":[5],"tags":[],"class_list":["post-707","post","type-post","status-publish","format-standard","has-post-thumbnail","hentry","category-salud"],"_links":{"self":[{"href":"https:\/\/sertv.gob.pa\/nacionalfm\/wp-json\/wp\/v2\/posts\/707","targetHints":{"allow":["GET"]}}],"collection":[{"href":"https:\/\/sertv.gob.pa\/nacionalfm\/wp-json\/wp\/v2\/posts"}],"about":[{"href":"https:\/\/sertv.gob.pa\/nacionalfm\/wp-json\/wp\/v2\/types\/post"}],"author":[{"embeddable":true,"href":"https:\/\/sertv.gob.pa\/nacionalfm\/wp-json\/wp\/v2\/users\/1"}],"replies":[{"embeddable":true,"href":"https:\/\/sertv.gob.pa\/nacionalfm\/wp-json\/wp\/v2\/comments?post=707"}],"version-history":[{"count":0,"href":"https:\/\/sertv.gob.pa\/nacionalfm\/wp-json\/wp\/v2\/posts\/707\/revisions"}],"wp:featuredmedia":[{"embeddable":true,"href":"https:\/\/sertv.gob.pa\/nacionalfm\/wp-json\/wp\/v2\/media\/708"}],"wp:attachment":[{"href":"https:\/\/sertv.gob.pa\/nacionalfm\/wp-json\/wp\/v2\/media?parent=707"}],"wp:term":[{"taxonomy":"category","embeddable":true,"href":"https:\/\/sertv.gob.pa\/nacionalfm\/wp-json\/wp\/v2\/categories?post=707"},{"taxonomy":"post_tag","embeddable":true,"href":"https:\/\/sertv.gob.pa\/nacionalfm\/wp-json\/wp\/v2\/tags?post=707"}],"curies":[{"name":"wp","href":"https:\/\/api.w.org\/{rel}","templated":true}]}}