{"id":70729,"date":"2021-06-29T17:48:25","date_gmt":"2021-06-29T17:48:25","guid":{"rendered":"https:\/\/sertv.gob.pa\/nacionalfm\/?p=70729"},"modified":"2021-06-29T17:48:25","modified_gmt":"2021-06-29T17:48:25","slug":"protestas-violentas-en-diferentes-ciudades-de-colombia-en-la-noche-del-lunes","status":"publish","type":"post","link":"https:\/\/sertv.gob.pa\/nacionalfm\/protestas-violentas-en-diferentes-ciudades-de-colombia-en-la-noche-del-lunes\/","title":{"rendered":"Protestas violentas en diferentes ciudades de Colombia en la noche del lunes"},"content":{"rendered":"<p><strong><em>(CNN Espa\u00f1ol) \u2014<\/em><\/strong><\/p>\n<p><strong>\u00a0<\/strong><\/p>\n<p>El mayor general Jorge Luis Vargas Valencia, director de la Polic\u00eda de Colombia, inform\u00f3 este lunes a trav\u00e9s de su cuenta verificada de Twitter que el escuadr\u00f3n m\u00f3vil antidisturbios, conocido como Esmad, ha tenido que intervenir en m\u00e1s de 20 ocasiones en diferentes ciudades del pa\u00eds por fuertes protestas.<\/p>\n<p>Vargas dijo que se han reportado da\u00f1os y delitos en bienes p\u00fablicos y privados. Adem\u00e1s, inform\u00f3 de ataques a una estaci\u00f3n de la polic\u00eda en Medell\u00edn, as\u00ed como en Madrid, Cundinamarca, y en Pereira.<\/p>\n<p>La polic\u00eda de Bogot\u00e1 tambi\u00e9n report\u00f3 fuertes protestas nuevamente en la zona del Portal de la Am\u00e9ricas y varios actos vand\u00e1licos en la zona de Usme.<\/p>\n<p>El general a\u00f1adi\u00f3 que se han reportado 13 veh\u00edculos de transporte p\u00fablico da\u00f1ados por manifestantes violentos, 11 en la ciudad de Pasto, uno en Bogot\u00e1 y uno en Pereira.<\/p>\n<p>Adicionalmente, inform\u00f3 que cinco autobuses con pasajeros del sistema SITP de Bogot\u00e1 fueron detenidos moment\u00e1neamente de manera ilegal en la capital hasta que, de acuerdo con la alcaldesa de Bogot\u00e1, Claudia L\u00f3pez, se lograron recuperar.<\/p>\n<p>Vargas report\u00f3 que dos monumentos hist\u00f3ricos fueron derrumbados, uno en Barranquilla \u2013una estatua de Crist\u00f3bal Col\u00f3n\u2013 y otro en la ciudad de Santander de Quilichao.<\/p>\n<p>Ante el acto vand\u00e1lico vivido en la tarde en Barranquilla, el alcalde de la ciudad, Jaime Pumarejo, escribi\u00f3 en su cuenta de Twitter: \u00abLa violencia solo genera m\u00e1s violencia. Los invito a despojarse del odio y construir un pa\u00eds mejor. No hemos reprimido -\u00a1ni lo haremos!- la protesta pac\u00edfica, pero s\u00ed ordenamos continuar identificando, capturando y judicializando a quienes cometen actos vand\u00e1licos y terroristas\u00bb.<\/p>\n<p>El general Vargas finaliz\u00f3 diciendo que, en el caso de la detenci\u00f3n de autobuses con pasajeros del SITP en Bogot\u00e1, la polic\u00eda, junto con la Fiscal\u00eda General, estudia si el tipo de delito cometido podr\u00eda ser secuestro.<\/p>\n<p>&nbsp;<\/p>\n<p>Fuente: CNN<\/p>\n","protected":false},"excerpt":{"rendered":"<p>(CNN Espa\u00f1ol) \u2014 \u00a0 El mayor general Jorge Luis Vargas <a href=\"https:\/\/sertv.gob.pa\/nacionalfm\/protestas-violentas-en-diferentes-ciudades-de-colombia-en-la-noche-del-lunes\/\"> [&#8230;]<\/a><\/p>\n","protected":false},"author":9,"featured_media":70730,"comment_status":"closed","ping_status":"closed","sticky":false,"template":"","format":"standard","meta":{"footnotes":""},"categories":[3],"tags":[],"class_list":["post-70729","post","type-post","status-publish","format-standard","has-post-thumbnail","hentry","category-internacionales"],"_links":{"self":[{"href":"https:\/\/sertv.gob.pa\/nacionalfm\/wp-json\/wp\/v2\/posts\/70729","targetHints":{"allow":["GET"]}}],"collection":[{"href":"https:\/\/sertv.gob.pa\/nacionalfm\/wp-json\/wp\/v2\/posts"}],"about":[{"href":"https:\/\/sertv.gob.pa\/nacionalfm\/wp-json\/wp\/v2\/types\/post"}],"author":[{"embeddable":true,"href":"https:\/\/sertv.gob.pa\/nacionalfm\/wp-json\/wp\/v2\/users\/9"}],"replies":[{"embeddable":true,"href":"https:\/\/sertv.gob.pa\/nacionalfm\/wp-json\/wp\/v2\/comments?post=70729"}],"version-history":[{"count":1,"href":"https:\/\/sertv.gob.pa\/nacionalfm\/wp-json\/wp\/v2\/posts\/70729\/revisions"}],"predecessor-version":[{"id":70731,"href":"https:\/\/sertv.gob.pa\/nacionalfm\/wp-json\/wp\/v2\/posts\/70729\/revisions\/70731"}],"wp:featuredmedia":[{"embeddable":true,"href":"https:\/\/sertv.gob.pa\/nacionalfm\/wp-json\/wp\/v2\/media\/70730"}],"wp:attachment":[{"href":"https:\/\/sertv.gob.pa\/nacionalfm\/wp-json\/wp\/v2\/media?parent=70729"}],"wp:term":[{"taxonomy":"category","embeddable":true,"href":"https:\/\/sertv.gob.pa\/nacionalfm\/wp-json\/wp\/v2\/categories?post=70729"},{"taxonomy":"post_tag","embeddable":true,"href":"https:\/\/sertv.gob.pa\/nacionalfm\/wp-json\/wp\/v2\/tags?post=70729"}],"curies":[{"name":"wp","href":"https:\/\/api.w.org\/{rel}","templated":true}]}}