{"id":70732,"date":"2021-06-29T18:16:56","date_gmt":"2021-06-29T18:16:56","guid":{"rendered":"https:\/\/sertv.gob.pa\/nacionalfm\/?p=70732"},"modified":"2021-06-29T18:16:56","modified_gmt":"2021-06-29T18:16:56","slug":"paraguay-recibe-anuncio-de-donacion-de-vacunas-de-ee-uu-en-medio-de-record-diario-de-muertes-por-covid-19","status":"publish","type":"post","link":"https:\/\/sertv.gob.pa\/nacionalfm\/paraguay-recibe-anuncio-de-donacion-de-vacunas-de-ee-uu-en-medio-de-record-diario-de-muertes-por-covid-19\/","title":{"rendered":"Paraguay recibe anuncio de donaci\u00f3n de vacunas de EE.UU. en medio de r\u00e9cord diario de muertes por covid-19"},"content":{"rendered":"<p><strong><em>(CNN espa\u00f1ol) \u2014\u00a0<\/em><\/strong><\/p>\n<p><strong>\u00a0<\/strong><\/p>\n<p>Paraguay recibir\u00e1 una\u00a0<a href=\"https:\/\/cnnespanol.cnn.com\/2021\/06\/28\/estados-unidos-envia-dos-millones-vacuna-pfizer-peru-trax\/\" target=\"_blank\" rel=\"noopener\">donaci\u00f3n de Estados Unidos de un mill\u00f3n de vacunas<\/a>\u00a0contra el covid-19 de Pfizer, que ser\u00e1n entregadas en las pr\u00f3ximas semanas, anunci\u00f3 este lunes durante su visita a Asunci\u00f3n la subsecretaria de Estado para Asuntos Pol\u00edticos de Estados Unidos, Victoria Nuland.<\/p>\n<p><a href=\"https:\/\/twitter.com\/MaritoAbdo\" target=\"_blank\" rel=\"noopener\">En su cuenta de Twitter<\/a>, el presidente de Paraguay, Mario Abdo Benitez, agradeci\u00f3 la importante donaci\u00f3n del gobierno del presidente Joe Biden.<\/p>\n<p>\u00abMuy agradecido con el gobierno de los Estados Unidos de Am\u00e9rica por el anuncio de la donaci\u00f3n al Paraguay de 1 mill\u00f3n de vacunas Pfizer contra el covid-19. La cooperaci\u00f3n entre nuestros pa\u00edses est\u00e1 fundada sobre principios y valores compartidos\u00bb, manifest\u00f3 el mandatario paraguayo.<\/p>\n<p>La subsecretaria Nuland agreg\u00f3 que la cooperaci\u00f3n estadounidense para que Paraguay pueda acceder a una mayor cantidad de vacunas incluir\u00e1 un apoyo de gesti\u00f3n para la pronta entrega de las vacunas ya adquiridas mediante\u00a0<a href=\"https:\/\/cnnespanol.cnn.com\/2021\/06\/21\/paises-pobres-dosis-covax-reuters\/\" target=\"_blank\" rel=\"noopener\">el mecanismo Covax<\/a>, que suman 4 millones.<\/p>\n<p>Este domingo murieron 152 personas por coronavirus, una cifra r\u00e9cord de muertos en un d\u00eda. El n\u00famero total de fallecidos se situ\u00f3 en 12.517 desde el comienzo de la pandemia, seg\u00fan el informe del Ministerio de Salud.<\/p>\n<p><strong>El avance de la vacunaci\u00f3n en Paraguay<\/strong><\/p>\n<p>En tanto en Paraguay la vacunaci\u00f3n avanza a un ritmo muy lento por falta de vacunas suficientes para los 7,35 millones de habitantes del pa\u00eds.<\/p>\n<p>Desde este lunes se empez\u00f3 a vacunar a la poblaci\u00f3n de 50 a\u00f1os cumplidos en adelante. Hasta el momento en el pa\u00eds, seg\u00fan la p\u00e1gina oficial del Ministerio de Salud, se ha vacunado a 618.414 personas en toda la naci\u00f3n.<\/p>\n<p>Las cifras de\u00a0<em>Our World in Data<\/em>\u00a0del 24 de junio muestran que un 6,8% de la poblaci\u00f3n paraguaya cuenta con al menos una dosis y un 1,83% ha recibido el esquema completo.<\/p>\n<p>El ministro de Salud, Dr. Julio Borba, confirm\u00f3 que actualmente hay dosis disponibles para seguir con el Plan Nacional de Vacunaci\u00f3n de las plataformas Moderna y AstraZeneca.<\/p>\n<p>El ministro record\u00f3 que actualmente hay 200 vacunatorios a nivel pa\u00eds, por lo que f\u00e1cilmente se podr\u00edan inmunizar a 40.000 personas al d\u00eda, si es que se dispone de las vacunas.<\/p>\n<p>&nbsp;<\/p>\n<p>Fuente: CNN<\/p>\n","protected":false},"excerpt":{"rendered":"<p>(CNN espa\u00f1ol) \u2014\u00a0 \u00a0 Paraguay recibir\u00e1 una\u00a0donaci\u00f3n de Estados Unidos <a href=\"https:\/\/sertv.gob.pa\/nacionalfm\/paraguay-recibe-anuncio-de-donacion-de-vacunas-de-ee-uu-en-medio-de-record-diario-de-muertes-por-covid-19\/\"> [&#8230;]<\/a><\/p>\n","protected":false},"author":9,"featured_media":70733,"comment_status":"closed","ping_status":"closed","sticky":false,"template":"","format":"standard","meta":{"footnotes":""},"categories":[3],"tags":[],"class_list":["post-70732","post","type-post","status-publish","format-standard","has-post-thumbnail","hentry","category-internacionales"],"_links":{"self":[{"href":"https:\/\/sertv.gob.pa\/nacionalfm\/wp-json\/wp\/v2\/posts\/70732","targetHints":{"allow":["GET"]}}],"collection":[{"href":"https:\/\/sertv.gob.pa\/nacionalfm\/wp-json\/wp\/v2\/posts"}],"about":[{"href":"https:\/\/sertv.gob.pa\/nacionalfm\/wp-json\/wp\/v2\/types\/post"}],"author":[{"embeddable":true,"href":"https:\/\/sertv.gob.pa\/nacionalfm\/wp-json\/wp\/v2\/users\/9"}],"replies":[{"embeddable":true,"href":"https:\/\/sertv.gob.pa\/nacionalfm\/wp-json\/wp\/v2\/comments?post=70732"}],"version-history":[{"count":1,"href":"https:\/\/sertv.gob.pa\/nacionalfm\/wp-json\/wp\/v2\/posts\/70732\/revisions"}],"predecessor-version":[{"id":70734,"href":"https:\/\/sertv.gob.pa\/nacionalfm\/wp-json\/wp\/v2\/posts\/70732\/revisions\/70734"}],"wp:featuredmedia":[{"embeddable":true,"href":"https:\/\/sertv.gob.pa\/nacionalfm\/wp-json\/wp\/v2\/media\/70733"}],"wp:attachment":[{"href":"https:\/\/sertv.gob.pa\/nacionalfm\/wp-json\/wp\/v2\/media?parent=70732"}],"wp:term":[{"taxonomy":"category","embeddable":true,"href":"https:\/\/sertv.gob.pa\/nacionalfm\/wp-json\/wp\/v2\/categories?post=70732"},{"taxonomy":"post_tag","embeddable":true,"href":"https:\/\/sertv.gob.pa\/nacionalfm\/wp-json\/wp\/v2\/tags?post=70732"}],"curies":[{"name":"wp","href":"https:\/\/api.w.org\/{rel}","templated":true}]}}