{"id":70849,"date":"2021-07-01T18:19:31","date_gmt":"2021-07-01T18:19:31","guid":{"rendered":"https:\/\/sertv.gob.pa\/nacionalfm\/?p=70849"},"modified":"2021-07-01T18:19:31","modified_gmt":"2021-07-01T18:19:31","slug":"republica-dominicana-iniciara-la-aplicacion-de-tercera-dosis-de-vacuna-contra-el-covid-19-este-jueves","status":"publish","type":"post","link":"https:\/\/sertv.gob.pa\/nacionalfm\/republica-dominicana-iniciara-la-aplicacion-de-tercera-dosis-de-vacuna-contra-el-covid-19-este-jueves\/","title":{"rendered":"Rep\u00fablica Dominicana iniciar\u00e1 la aplicaci\u00f3n de tercera dosis de vacuna contra el covid-19 este jueves"},"content":{"rendered":"<p><strong><em>(CNN Espa\u00f1ol) \u2014<\/em><\/strong><em>\u00a0<\/em><\/p>\n<p>&nbsp;<\/p>\n<p>El Gobierno dominicano anunci\u00f3 este mi\u00e9rcoles la aplicaci\u00f3n de una\u00a0<a href=\"https:\/\/cnnespanol.cnn.com\/2021\/06\/24\/republica-dominicana-ofrecera-tercera-vacuna-contra-el-covid-19-orix\/\" target=\"_blank\" rel=\"noopener\">tercera dosis<\/a>\u00a0de refuerzo contra el coronavirus e indic\u00f3 que iniciar\u00e1 este jueves con el personal de salud.<\/p>\n<p>En una rueda de prensa, encabezada por el presidente Luis Abinader, las autoridades explicaron que la presencia de nuevas variantes hasta \u00abocho veces m\u00e1s contagiosas\u00bb motiv\u00f3 la decisi\u00f3n de aplicar la dosis de refuerzo para combatir la enfermedad.<\/p>\n<p>Pese a que la Organizaci\u00f3n Panamericana de la Salud (OPS) pidi\u00f3 al pa\u00eds no apresurarse con la aplicaci\u00f3n de una tercera dosis de la vacuna contra el covid-19, el Gobierno dominicano dio luz verde este mi\u00e9rcoles.<\/p>\n<p>\u201cEs de forma inmediata y seg\u00fan ah\u00ed est\u00e1 establecido, todas las personas que califiquen, y eso significa quien se haya aplicado la segunda dosis de AstraZeneca que tenga una cantidad de semanas, de ocho semanas y quien se haya aplicado la segunda dosis de Sinovac, a partir de esa segunda dosis entonces que haya pasado un lapso de tiempo de cuatro semanas,\u201d indic\u00f3 la vicepresidenta y coordinadora del Gabinete de Salud, Raquel Pe\u00f1a.<\/p>\n<p>Las autoridades explicaron que las personas que opten por una tercera dosis de refuerzo recibir\u00e1n una vacuna diferente a la que se aplicaron inicialmente.<\/p>\n<p>Expertos como el m\u00e9dico infect\u00f3logo, Miguel N\u00fa\u00f1ez, quien form\u00f3 parte del grupo de las sociedades m\u00e9dicas que respaldaron la decisi\u00f3n del Gobierno dominicano de ofrecer la dosis refuerzo, cit\u00f3 el estudio Com-cov realizado por la Universidad de Oxford, que indica que la aplicaci\u00f3n de las vacunas AstraZeneca y Pfizer genera una \u201crobusta\u201d respuesta inmunol\u00f3gica.<\/p>\n<p>Cabe destacar que dicho estudio no menciona nada con relaci\u00f3n a la aplicaci\u00f3n de una tercera dosis y\/o de refuerzo.<\/p>\n<p>En cuanto a la reacci\u00f3n a la dosis adicional, varios estudios indican que combinar vacunas diferentes podr\u00eda provocar un poco m\u00e1s de graves efectos secundarios, sin embargo, no apuntan a que esto podr\u00eda generar serios problemas de salud.<\/p>\n<p>Mientras los Centros para el Control y la Prevenci\u00f3n de Enfermedades (CDC) de Estados Unidos oficialmente no recomiendan aplicar una tercera dosis de refuerzo, pero tampoco les han dicho a las personas que no lo hagan.<\/p>\n<p>Hasta el momento, no existe indicios de que las personas necesiten una dosis de refuerzo, especialmente aquellos que han sido inoculados con vacunas como Pfizer mRNA que tiene una eficacia alta para combatir el covid-19.<\/p>\n<p>&nbsp;<\/p>\n<p>Fuente: CNN<\/p>\n","protected":false},"excerpt":{"rendered":"<p>(CNN Espa\u00f1ol) \u2014\u00a0 &nbsp; El Gobierno dominicano anunci\u00f3 este mi\u00e9rcoles <a href=\"https:\/\/sertv.gob.pa\/nacionalfm\/republica-dominicana-iniciara-la-aplicacion-de-tercera-dosis-de-vacuna-contra-el-covid-19-este-jueves\/\"> [&#8230;]<\/a><\/p>\n","protected":false},"author":9,"featured_media":70850,"comment_status":"closed","ping_status":"closed","sticky":false,"template":"","format":"standard","meta":{"footnotes":""},"categories":[3],"tags":[],"class_list":["post-70849","post","type-post","status-publish","format-standard","has-post-thumbnail","hentry","category-internacionales"],"_links":{"self":[{"href":"https:\/\/sertv.gob.pa\/nacionalfm\/wp-json\/wp\/v2\/posts\/70849","targetHints":{"allow":["GET"]}}],"collection":[{"href":"https:\/\/sertv.gob.pa\/nacionalfm\/wp-json\/wp\/v2\/posts"}],"about":[{"href":"https:\/\/sertv.gob.pa\/nacionalfm\/wp-json\/wp\/v2\/types\/post"}],"author":[{"embeddable":true,"href":"https:\/\/sertv.gob.pa\/nacionalfm\/wp-json\/wp\/v2\/users\/9"}],"replies":[{"embeddable":true,"href":"https:\/\/sertv.gob.pa\/nacionalfm\/wp-json\/wp\/v2\/comments?post=70849"}],"version-history":[{"count":1,"href":"https:\/\/sertv.gob.pa\/nacionalfm\/wp-json\/wp\/v2\/posts\/70849\/revisions"}],"predecessor-version":[{"id":70851,"href":"https:\/\/sertv.gob.pa\/nacionalfm\/wp-json\/wp\/v2\/posts\/70849\/revisions\/70851"}],"wp:featuredmedia":[{"embeddable":true,"href":"https:\/\/sertv.gob.pa\/nacionalfm\/wp-json\/wp\/v2\/media\/70850"}],"wp:attachment":[{"href":"https:\/\/sertv.gob.pa\/nacionalfm\/wp-json\/wp\/v2\/media?parent=70849"}],"wp:term":[{"taxonomy":"category","embeddable":true,"href":"https:\/\/sertv.gob.pa\/nacionalfm\/wp-json\/wp\/v2\/categories?post=70849"},{"taxonomy":"post_tag","embeddable":true,"href":"https:\/\/sertv.gob.pa\/nacionalfm\/wp-json\/wp\/v2\/tags?post=70849"}],"curies":[{"name":"wp","href":"https:\/\/api.w.org\/{rel}","templated":true}]}}