{"id":70909,"date":"2021-07-02T18:47:31","date_gmt":"2021-07-02T18:47:31","guid":{"rendered":"https:\/\/sertv.gob.pa\/nacionalfm\/?p=70909"},"modified":"2021-07-02T18:47:31","modified_gmt":"2021-07-02T18:47:31","slug":"prision-preventiva-para-youtuber-mexicana-yosstop-sospechosa-de-pornografia-infantil","status":"publish","type":"post","link":"https:\/\/sertv.gob.pa\/nacionalfm\/prision-preventiva-para-youtuber-mexicana-yosstop-sospechosa-de-pornografia-infantil\/","title":{"rendered":"Prisi\u00f3n preventiva para youtuber mexicana Yosstop, sospechosa de pornograf\u00eda infantil"},"content":{"rendered":"<p><strong><em>(CNN Espa\u00f1ol) \u2014<\/em><\/strong><em>\u00a0<\/em><\/p>\n<p>&nbsp;<\/p>\n<p>La Fiscal\u00eda General de Justicia de la Ciudad de M\u00e9xico inform\u00f3 de la detenci\u00f3n preventiva de Yoselinne Hoffman Badui, conocida como \u00abYosstop\u00bb en YouTube y otras redes sociales, sospechosa de delitos relacionados con la pornograf\u00eda infantil.<\/p>\n<p>Las autoridades compartieron videos de la detenci\u00f3n de Hoffman, ocurrida el 29 de junio, y de su ingreso al penal para mujeres de Santa Martha Acatitla, en el Estado de M\u00e9xico.<\/p>\n<p>El 5 de julio las autoridades determinar\u00e1n si la mujer ser\u00e1 acusada del delito de pornograf\u00eda infantil. Hasta ese momento permanecer\u00e1 en prisi\u00f3n preventiva, se inform\u00f3 este jueves.<\/p>\n<p>\u201cEn seguimiento a una indagatoria por la posible comisi\u00f3n del delito de pornograf\u00eda, en agravio de una persona menor de edad, personal de la Fiscal\u00eda General de Justicia de la Ciudad de M\u00e9xico (FGJCDMX) cumpliment\u00f3\u00bb una orden de aprehensi\u00f3n en contra de Yoselinne \u201cN\u201d, dice el comunicado de la Fiscal\u00eda.<\/p>\n<p>Seg\u00fan las autoridades mexicanas, varios abogados presentaron una denuncia el 3 de marzo contra la youtuber, afirmando que habr\u00eda adquirido, almacenado, reproducido y publicitado una videograbaci\u00f3n sexual de una menor de edad.<\/p>\n<p>Los abogados de la denunciante presentaron como prueba un video titulado \u201cPat\u00e9tica Generaci\u00f3n\u201d que Yoselinne Hoffman subi\u00f3 a YouTube y en el que dice poseer otro video con contenido sexual.<\/p>\n<p>CNN contact\u00f3 a los abogados de la detenida para conocer su estrategia legal y reacciones ante la detenci\u00f3n preventiva, pero hasta ahora no ha obtenido respuesta.<\/p>\n<p>Los abogados de la denunciante le dijeron a CNN que por el momento no habr\u00e1 entrevistas, ni dar\u00e1n m\u00e1s informaci\u00f3n m\u00e1s all\u00e1 de lo publicado en su cuenta de Twitter, donde piden justicia para su representada.<\/p>\n<p>Yoselinne Hoffman es conocida como \u201cYosstop\u201d en YouTube y diversas redes sociales. La \u201cinfluencer\u201d cuenta con millones de seguidores: casi 7 millones en Instagram, y 13 millones en dos canales de YouTube. La chica de 30 a\u00f1os se hizo popular con videos de parodias c\u00f3micas. M\u00e1s adelante diversific\u00f3 su contenido para abordar temas sociales de coyuntura y abogar por el derecho a la libertad de expresi\u00f3n.<\/p>\n<p>&nbsp;<\/p>\n<p>Fuente: CNN<\/p>\n","protected":false},"excerpt":{"rendered":"<p>(CNN Espa\u00f1ol) \u2014\u00a0 &nbsp; La Fiscal\u00eda General de Justicia de <a href=\"https:\/\/sertv.gob.pa\/nacionalfm\/prision-preventiva-para-youtuber-mexicana-yosstop-sospechosa-de-pornografia-infantil\/\"> [&#8230;]<\/a><\/p>\n","protected":false},"author":9,"featured_media":70910,"comment_status":"closed","ping_status":"closed","sticky":false,"template":"","format":"standard","meta":{"footnotes":""},"categories":[3],"tags":[],"class_list":["post-70909","post","type-post","status-publish","format-standard","has-post-thumbnail","hentry","category-internacionales"],"_links":{"self":[{"href":"https:\/\/sertv.gob.pa\/nacionalfm\/wp-json\/wp\/v2\/posts\/70909","targetHints":{"allow":["GET"]}}],"collection":[{"href":"https:\/\/sertv.gob.pa\/nacionalfm\/wp-json\/wp\/v2\/posts"}],"about":[{"href":"https:\/\/sertv.gob.pa\/nacionalfm\/wp-json\/wp\/v2\/types\/post"}],"author":[{"embeddable":true,"href":"https:\/\/sertv.gob.pa\/nacionalfm\/wp-json\/wp\/v2\/users\/9"}],"replies":[{"embeddable":true,"href":"https:\/\/sertv.gob.pa\/nacionalfm\/wp-json\/wp\/v2\/comments?post=70909"}],"version-history":[{"count":1,"href":"https:\/\/sertv.gob.pa\/nacionalfm\/wp-json\/wp\/v2\/posts\/70909\/revisions"}],"predecessor-version":[{"id":70911,"href":"https:\/\/sertv.gob.pa\/nacionalfm\/wp-json\/wp\/v2\/posts\/70909\/revisions\/70911"}],"wp:featuredmedia":[{"embeddable":true,"href":"https:\/\/sertv.gob.pa\/nacionalfm\/wp-json\/wp\/v2\/media\/70910"}],"wp:attachment":[{"href":"https:\/\/sertv.gob.pa\/nacionalfm\/wp-json\/wp\/v2\/media?parent=70909"}],"wp:term":[{"taxonomy":"category","embeddable":true,"href":"https:\/\/sertv.gob.pa\/nacionalfm\/wp-json\/wp\/v2\/categories?post=70909"},{"taxonomy":"post_tag","embeddable":true,"href":"https:\/\/sertv.gob.pa\/nacionalfm\/wp-json\/wp\/v2\/tags?post=70909"}],"curies":[{"name":"wp","href":"https:\/\/api.w.org\/{rel}","templated":true}]}}