{"id":7091,"date":"2015-08-31T19:33:19","date_gmt":"2015-08-31T19:33:19","guid":{"rendered":""},"modified":"2015-08-31T19:33:19","modified_gmt":"2015-08-31T19:33:19","slug":"xvi-caminata-familiar-susie-thayer-contra-el-cancer","status":"publish","type":"post","link":"https:\/\/sertv.gob.pa\/nacionalfm\/xvi-caminata-familiar-susie-thayer-contra-el-cancer\/","title":{"rendered":"XVI Caminata familiar Susie Thayer contra el c\u00e1ncer"},"content":{"rendered":"<p>\nMiles de paname\u00f1os se unieron ayer para participar de la XVI Caminata Familiar Susie Thayer, que se llev\u00f3 a cabo con el fin de recaudar fondos para la lucha contra el c\u00e1ncer. <\/p>\n<p>Esta caminata se efectu\u00f3 en distintos puntos del pa\u00eds como Panam\u00e1, Col\u00f3n, La Chorrera, Penonom\u00e9, Chitr\u00e9, Santiago, Changuinola, Aguadulce, David y en Tol\u00e9. <\/p>\n<p>Con esta actividad Fundac\u00e1ncer donar\u00e1 al Instituto Oncol\u00f3gico Nacional camas el\u00e9ctricas para hospital de \u00faltima generaci\u00f3n y tecnolog\u00eda, con el prop\u00f3sito de modernizar los servicios de hospitalizaci\u00f3n y mejorar la calidad de atenci\u00f3n a los pacientes. <\/p>\n<p>\u00a0 <\/p>\n","protected":false},"excerpt":{"rendered":"<p>Miles de paname\u00f1os se unieron ayer para participar de la <a href=\"https:\/\/sertv.gob.pa\/nacionalfm\/xvi-caminata-familiar-susie-thayer-contra-el-cancer\/\"> [&#8230;]<\/a><\/p>\n","protected":false},"author":1,"featured_media":7092,"comment_status":"closed","ping_status":"closed","sticky":false,"template":"","format":"standard","meta":{"footnotes":""},"categories":[5],"tags":[],"class_list":["post-7091","post","type-post","status-publish","format-standard","has-post-thumbnail","hentry","category-salud"],"_links":{"self":[{"href":"https:\/\/sertv.gob.pa\/nacionalfm\/wp-json\/wp\/v2\/posts\/7091","targetHints":{"allow":["GET"]}}],"collection":[{"href":"https:\/\/sertv.gob.pa\/nacionalfm\/wp-json\/wp\/v2\/posts"}],"about":[{"href":"https:\/\/sertv.gob.pa\/nacionalfm\/wp-json\/wp\/v2\/types\/post"}],"author":[{"embeddable":true,"href":"https:\/\/sertv.gob.pa\/nacionalfm\/wp-json\/wp\/v2\/users\/1"}],"replies":[{"embeddable":true,"href":"https:\/\/sertv.gob.pa\/nacionalfm\/wp-json\/wp\/v2\/comments?post=7091"}],"version-history":[{"count":0,"href":"https:\/\/sertv.gob.pa\/nacionalfm\/wp-json\/wp\/v2\/posts\/7091\/revisions"}],"wp:featuredmedia":[{"embeddable":true,"href":"https:\/\/sertv.gob.pa\/nacionalfm\/wp-json\/wp\/v2\/media\/7092"}],"wp:attachment":[{"href":"https:\/\/sertv.gob.pa\/nacionalfm\/wp-json\/wp\/v2\/media?parent=7091"}],"wp:term":[{"taxonomy":"category","embeddable":true,"href":"https:\/\/sertv.gob.pa\/nacionalfm\/wp-json\/wp\/v2\/categories?post=7091"},{"taxonomy":"post_tag","embeddable":true,"href":"https:\/\/sertv.gob.pa\/nacionalfm\/wp-json\/wp\/v2\/tags?post=7091"}],"curies":[{"name":"wp","href":"https:\/\/api.w.org\/{rel}","templated":true}]}}