{"id":70963,"date":"2021-07-05T17:58:13","date_gmt":"2021-07-05T17:58:13","guid":{"rendered":"https:\/\/sertv.gob.pa\/nacionalfm\/?p=70963"},"modified":"2021-07-05T17:58:13","modified_gmt":"2021-07-05T17:58:13","slug":"la-tormenta-tropical-elsa-esta-a-punto-de-tocar-tierra-en-el-centro-oeste-de-cuba","status":"publish","type":"post","link":"https:\/\/sertv.gob.pa\/nacionalfm\/la-tormenta-tropical-elsa-esta-a-punto-de-tocar-tierra-en-el-centro-oeste-de-cuba\/","title":{"rendered":"La tormenta tropical Elsa est\u00e1 a punto de tocar tierra en el centro-oeste de Cuba"},"content":{"rendered":"<p><strong><em>(CNN) \u2014<\/em><\/strong><em>\u00a0<\/em><\/p>\n<p>&nbsp;<\/p>\n<p>La tormenta tropical Elsa est\u00e1 a punto de tocar tierra en el centro-oeste de Cuba, seg\u00fan la \u00faltima actualizaci\u00f3n de las 11 am ET del Centro Nacional de Huracanes.<\/p>\n<p>La tormenta todav\u00eda tiene vientos sostenidos de unos 100 kil\u00f3metros por hora, avanza a 22 kil\u00f3metros por hora y est\u00e1 a unos 32 kil\u00f3metros este-sureste de Cayo Largo, Cuba, que es una isla a lo largo de la costa sur de Cuba. Se pronostica que Elsa tocar\u00e1 tierra en el centro-oeste de Cuba m\u00e1s tarde esta ma\u00f1ana, probablemente entre las 12:30 pm y la 1:30 pm ET.<\/p>\n<p>Elsa fue el primer hurac\u00e1n de la temporada atl\u00e1ntica de 2021 y es la tercera tormenta con nombre que representa una amenaza para la costa de EE.UU.<\/p>\n<p>Se espera que la tormenta deje caer de 5 a 25 cent\u00edmetros de lluvia sobre gran parte del oeste y centro de Cuba, con cantidades localizadas de hasta 38 cent\u00edmetros posibles. Se pueden esperar marejadas cicl\u00f3nicas de hasta 1,5 metros e inundaciones costeras a lo largo de la costa sur, pero la cantidad variar\u00e1 mucho seg\u00fan la ubicaci\u00f3n, la marea y la topograf\u00eda.<\/p>\n<p>El terreno monta\u00f1oso de Cuba pone al pa\u00eds en riesgo de deslizamientos de tierra, pero tambi\u00e9n significa que Elsa probablemente se debilitar\u00e1 antes de salir de la regi\u00f3n. A\u00fan as\u00ed, se espera que la tormenta se mantenga y se dirija hacia el estrecho de Florida el lunes por la noche.<\/p>\n<p>Se espera que Jamaica vea cantidades adicionales de lluvia de 5 a 10 cent\u00edmetros, haciendo que el total de la tormenta llegue a 38 cent\u00edmetros en algunos lugares. Las inundaciones repentinas y los deslizamientos de tierra dispersos podr\u00edan ser importantes en toda la isla. Las Islas Caim\u00e1n pueden esperar hasta 12 cent\u00edmetros de lluvia, lo que podr\u00eda provocar inundaciones repentinas en algunas \u00e1reas.<\/p>\n<p>Las autoridades en Surfside, Florida, han estado vigilando de cerca la tormenta mientras los equipos de b\u00fasqueda y rescate revisan los escombros de un edificio de condominios derrumbado en busca de sobrevivientes y restos.<\/p>\n<p>La parte del edificio que a\u00fan estaba en pie\u00a0<a href=\"https:\/\/cnn.it\/3qK9Urw\" target=\"_blank\" rel=\"noopener\">fue demolida el domingo por la noche<\/a>, una medida que fue acelerada por el temor de que la tormenta pudiera hacer que los restos se derrumbaran y poner en riesgo a los equipos de rescate.<\/p>\n<p><strong>El camino de Elsa hacia la Florida<\/strong><\/p>\n<p>Surfside ahora est\u00e1 fuera del cono de pron\u00f3stico, por lo que no parece probable que haya impactos directos aparte de algunas lluvias.<\/p>\n<p>La tormenta comenzar\u00e1 a cambiar de direcci\u00f3n el martes, dirigi\u00e9ndose hacia el noreste hacia la pen\u00ednsula de Florida. Es posible que se refuerce un poco a medida que impacte la costa oeste de Florida con lluvia, oleaje fuerte y posibles tornados.<\/p>\n<p>En las primeras horas de la ma\u00f1ana del mi\u00e9rcoles, est\u00e1 previsto que la tormenta se encamine a la pen\u00ednsula de Pinellas e impacte la regi\u00f3n de San Petersburgo y Tampa Bay como una tormenta tropical. Para el mi\u00e9rcoles por la ma\u00f1ana, es probable que Elsa finalmente toque tierra en la pen\u00ednsula de Florida al norte de Tampa Bay, alrededor de Cedar Key.<\/p>\n<p>Elsa probablemente se dirigir\u00e1 a Georgia y las Carolinas antes de regresar al Atl\u00e1ntico como una depresi\u00f3n tropical el jueves por la tarde.<\/p>\n<p><strong>Da\u00f1os y muertes reportados en el Caribe<\/strong><\/p>\n<p>No hubo p\u00e9rdidas de vidas ni heridos graves en Barbados despu\u00e9s del paso del hurac\u00e1n Elsa el viernes, seg\u00fan dijo la primera ministra Mia Amor Mottley en una conferencia de prensa el s\u00e1bado.<\/p>\n<p>\u00abPudo haber sido mucho peor, pero ya fue bastante malo, y ciertamente uno de los eventos m\u00e1s desafiantes con los que hemos tenido que lidiar en los \u00faltimos tiempos con respecto al clima\u00bb, dijo el primer ministro.<\/p>\n<p>Al menos 743 casas resultaron da\u00f1adas por la tormenta, dijo Kerry Hinds, director de la agencia de manejo de emergencias de Barbados.<\/p>\n<p>A \u00faltima hora del s\u00e1bado, la tormenta azot\u00f3 partes de la Rep\u00fablica Dominicana y Hait\u00ed con intensas lluvias y fuertes vientos mientras su centro pasaba hacia el sur.<\/p>\n<p>&nbsp;<\/p>\n<p>Fuente: CNN<\/p>\n","protected":false},"excerpt":{"rendered":"<p>(CNN) \u2014\u00a0 &nbsp; La tormenta tropical Elsa est\u00e1 a punto <a href=\"https:\/\/sertv.gob.pa\/nacionalfm\/la-tormenta-tropical-elsa-esta-a-punto-de-tocar-tierra-en-el-centro-oeste-de-cuba\/\"> [&#8230;]<\/a><\/p>\n","protected":false},"author":9,"featured_media":70964,"comment_status":"closed","ping_status":"closed","sticky":false,"template":"","format":"standard","meta":{"footnotes":""},"categories":[3],"tags":[],"class_list":["post-70963","post","type-post","status-publish","format-standard","has-post-thumbnail","hentry","category-internacionales"],"_links":{"self":[{"href":"https:\/\/sertv.gob.pa\/nacionalfm\/wp-json\/wp\/v2\/posts\/70963","targetHints":{"allow":["GET"]}}],"collection":[{"href":"https:\/\/sertv.gob.pa\/nacionalfm\/wp-json\/wp\/v2\/posts"}],"about":[{"href":"https:\/\/sertv.gob.pa\/nacionalfm\/wp-json\/wp\/v2\/types\/post"}],"author":[{"embeddable":true,"href":"https:\/\/sertv.gob.pa\/nacionalfm\/wp-json\/wp\/v2\/users\/9"}],"replies":[{"embeddable":true,"href":"https:\/\/sertv.gob.pa\/nacionalfm\/wp-json\/wp\/v2\/comments?post=70963"}],"version-history":[{"count":1,"href":"https:\/\/sertv.gob.pa\/nacionalfm\/wp-json\/wp\/v2\/posts\/70963\/revisions"}],"predecessor-version":[{"id":70965,"href":"https:\/\/sertv.gob.pa\/nacionalfm\/wp-json\/wp\/v2\/posts\/70963\/revisions\/70965"}],"wp:featuredmedia":[{"embeddable":true,"href":"https:\/\/sertv.gob.pa\/nacionalfm\/wp-json\/wp\/v2\/media\/70964"}],"wp:attachment":[{"href":"https:\/\/sertv.gob.pa\/nacionalfm\/wp-json\/wp\/v2\/media?parent=70963"}],"wp:term":[{"taxonomy":"category","embeddable":true,"href":"https:\/\/sertv.gob.pa\/nacionalfm\/wp-json\/wp\/v2\/categories?post=70963"},{"taxonomy":"post_tag","embeddable":true,"href":"https:\/\/sertv.gob.pa\/nacionalfm\/wp-json\/wp\/v2\/tags?post=70963"}],"curies":[{"name":"wp","href":"https:\/\/api.w.org\/{rel}","templated":true}]}}