{"id":71,"date":"2014-07-03T05:00:00","date_gmt":"2014-07-03T05:00:00","guid":{"rendered":""},"modified":"2014-07-03T05:00:00","modified_gmt":"2014-07-03T05:00:00","slug":"aumento-de-casos-de-chikungunya-en-el-caribe","status":"publish","type":"post","link":"https:\/\/sertv.gob.pa\/nacionalfm\/aumento-de-casos-de-chikungunya-en-el-caribe\/","title":{"rendered":"Aumento de casos de chikungunya en el Caribe"},"content":{"rendered":"<p>\nLa Organizaci\u00f3n Panamericana de Salud (OPS) alert\u00f3 que el n\u00famero de casos confirmados del virus chikungunya aument\u00f3 con rapidez en las \u00faltimas semanas en el Caribe. <\/p>\n<p>Rep\u00fablica Dominicana y Hait\u00ed reportaron miles de casos nuevos en la \u00faltima semana. <\/p>\n<p>No existe vacuna para este virus, transmitido por un mosquito y con s\u00edntomas parecidos al dengue. <\/p>\n<p>Alrededor de 260.000 casos han sido reportados desde el inicio del brote.\u00a0 En diciembre 22 personas fallecieron en los pa\u00edses afectados de Am\u00e9rica. @nacionalFm <\/p>\n<p>\u00a0 <\/p>\n","protected":false},"excerpt":{"rendered":"<p>La Organizaci\u00f3n Panamericana de Salud (OPS) alert\u00f3 que el n\u00famero <a href=\"https:\/\/sertv.gob.pa\/nacionalfm\/aumento-de-casos-de-chikungunya-en-el-caribe\/\"> [&#8230;]<\/a><\/p>\n","protected":false},"author":1,"featured_media":72,"comment_status":"closed","ping_status":"closed","sticky":false,"template":"","format":"standard","meta":{"footnotes":""},"categories":[5],"tags":[],"class_list":["post-71","post","type-post","status-publish","format-standard","has-post-thumbnail","hentry","category-salud"],"_links":{"self":[{"href":"https:\/\/sertv.gob.pa\/nacionalfm\/wp-json\/wp\/v2\/posts\/71","targetHints":{"allow":["GET"]}}],"collection":[{"href":"https:\/\/sertv.gob.pa\/nacionalfm\/wp-json\/wp\/v2\/posts"}],"about":[{"href":"https:\/\/sertv.gob.pa\/nacionalfm\/wp-json\/wp\/v2\/types\/post"}],"author":[{"embeddable":true,"href":"https:\/\/sertv.gob.pa\/nacionalfm\/wp-json\/wp\/v2\/users\/1"}],"replies":[{"embeddable":true,"href":"https:\/\/sertv.gob.pa\/nacionalfm\/wp-json\/wp\/v2\/comments?post=71"}],"version-history":[{"count":0,"href":"https:\/\/sertv.gob.pa\/nacionalfm\/wp-json\/wp\/v2\/posts\/71\/revisions"}],"wp:featuredmedia":[{"embeddable":true,"href":"https:\/\/sertv.gob.pa\/nacionalfm\/wp-json\/wp\/v2\/media\/72"}],"wp:attachment":[{"href":"https:\/\/sertv.gob.pa\/nacionalfm\/wp-json\/wp\/v2\/media?parent=71"}],"wp:term":[{"taxonomy":"category","embeddable":true,"href":"https:\/\/sertv.gob.pa\/nacionalfm\/wp-json\/wp\/v2\/categories?post=71"},{"taxonomy":"post_tag","embeddable":true,"href":"https:\/\/sertv.gob.pa\/nacionalfm\/wp-json\/wp\/v2\/tags?post=71"}],"curies":[{"name":"wp","href":"https:\/\/api.w.org\/{rel}","templated":true}]}}