{"id":71021,"date":"2021-07-06T18:20:39","date_gmt":"2021-07-06T18:20:39","guid":{"rendered":"https:\/\/sertv.gob.pa\/nacionalfm\/?p=71021"},"modified":"2021-07-06T18:20:39","modified_gmt":"2021-07-06T18:20:39","slug":"fuertes-lluvias-afectan-viviendas-y-calles-del-estado-de-mexico","status":"publish","type":"post","link":"https:\/\/sertv.gob.pa\/nacionalfm\/fuertes-lluvias-afectan-viviendas-y-calles-del-estado-de-mexico\/","title":{"rendered":"Fuertes lluvias afectan viviendas y calles del Estado de M\u00e9xico"},"content":{"rendered":"<p><strong><em>(CNN en Espa\u00f1ol) \u2013<\/em><\/strong><em>\u00a0<\/em><\/p>\n<p>&nbsp;<\/p>\n<p>Este martes, la gobernaci\u00f3n del estado de M\u00e9xico inform\u00f3 a trav\u00e9s de un comunicado que las fuertes lluvias de la tarde de este lunes provocaron afectaciones en diversas colonias de los municipios de Toluca, San Mateo Atenco, Lerma, Almoloya de Ju\u00e1rez, Atizap\u00e1n de Zaragoza, Tlalnepantla, Naucalpan, Zumpango y Zinacantepec.<\/p>\n<p>La gobernaci\u00f3n del estado mexicano contabiliz\u00f3 de manera preliminar 161 domicilios afectados en el municipio de Zumpango y 100 m\u00e1s en Rinconada de la Laguna.<\/p>\n<p>El gobierno estatal tambi\u00e9n despleg\u00f3 personal del Grupo Tl\u00e1loc y de Protecci\u00f3n Civil en apoyo a la poblaci\u00f3n y a las autoridades municipales de Atizap\u00e1n de Zaragoza, para atender las afectaciones registradas por la intensa granizada que este lunes se precipit\u00f3 en varias zonas del Valle de M\u00e9xico.<\/p>\n<p>El hospital de Atizap\u00e1n de Zaragoza registro penetraci\u00f3n de agua y en el momento las autoridades se encuentran en la limpieza de las instalaciones.<\/p>\n<p>&nbsp;<\/p>\n<p>Fuente: CNN<\/p>\n<p>&nbsp;<\/p>\n","protected":false},"excerpt":{"rendered":"<p>(CNN en Espa\u00f1ol) \u2013\u00a0 &nbsp; Este martes, la gobernaci\u00f3n del <a href=\"https:\/\/sertv.gob.pa\/nacionalfm\/fuertes-lluvias-afectan-viviendas-y-calles-del-estado-de-mexico\/\"> [&#8230;]<\/a><\/p>\n","protected":false},"author":9,"featured_media":71022,"comment_status":"closed","ping_status":"closed","sticky":false,"template":"","format":"standard","meta":{"footnotes":""},"categories":[3],"tags":[],"class_list":["post-71021","post","type-post","status-publish","format-standard","has-post-thumbnail","hentry","category-internacionales"],"_links":{"self":[{"href":"https:\/\/sertv.gob.pa\/nacionalfm\/wp-json\/wp\/v2\/posts\/71021","targetHints":{"allow":["GET"]}}],"collection":[{"href":"https:\/\/sertv.gob.pa\/nacionalfm\/wp-json\/wp\/v2\/posts"}],"about":[{"href":"https:\/\/sertv.gob.pa\/nacionalfm\/wp-json\/wp\/v2\/types\/post"}],"author":[{"embeddable":true,"href":"https:\/\/sertv.gob.pa\/nacionalfm\/wp-json\/wp\/v2\/users\/9"}],"replies":[{"embeddable":true,"href":"https:\/\/sertv.gob.pa\/nacionalfm\/wp-json\/wp\/v2\/comments?post=71021"}],"version-history":[{"count":1,"href":"https:\/\/sertv.gob.pa\/nacionalfm\/wp-json\/wp\/v2\/posts\/71021\/revisions"}],"predecessor-version":[{"id":71023,"href":"https:\/\/sertv.gob.pa\/nacionalfm\/wp-json\/wp\/v2\/posts\/71021\/revisions\/71023"}],"wp:featuredmedia":[{"embeddable":true,"href":"https:\/\/sertv.gob.pa\/nacionalfm\/wp-json\/wp\/v2\/media\/71022"}],"wp:attachment":[{"href":"https:\/\/sertv.gob.pa\/nacionalfm\/wp-json\/wp\/v2\/media?parent=71021"}],"wp:term":[{"taxonomy":"category","embeddable":true,"href":"https:\/\/sertv.gob.pa\/nacionalfm\/wp-json\/wp\/v2\/categories?post=71021"},{"taxonomy":"post_tag","embeddable":true,"href":"https:\/\/sertv.gob.pa\/nacionalfm\/wp-json\/wp\/v2\/tags?post=71021"}],"curies":[{"name":"wp","href":"https:\/\/api.w.org\/{rel}","templated":true}]}}