{"id":71050,"date":"2021-07-07T14:08:47","date_gmt":"2021-07-07T14:08:47","guid":{"rendered":"https:\/\/sertv.gob.pa\/nacionalfm\/?p=71050"},"modified":"2021-07-07T14:08:47","modified_gmt":"2021-07-07T14:08:47","slug":"el-presidente-de-haiti-es-asesinado-durante-un-ataque-a-su-residencia-privada","status":"publish","type":"post","link":"https:\/\/sertv.gob.pa\/nacionalfm\/el-presidente-de-haiti-es-asesinado-durante-un-ataque-a-su-residencia-privada\/","title":{"rendered":"El presidente de Hait\u00ed es asesinado durante un ataque a su residencia privada"},"content":{"rendered":"<p><strong><em>(CNN) \u2013<\/em><\/strong><em>\u00a0<\/em><\/p>\n<p>&nbsp;<\/p>\n<p>El presidente de Hait\u00ed, Jovenel Mo\u00efse, ha sido asesinado en la madrugada de este mi\u00e9rcoles, inform\u00f3 en un comunicado el primer ministro interino de ese pa\u00eds, Claude Joseph.<\/p>\n<p>Joseph emiti\u00f3 esta declaraci\u00f3n, que tambi\u00e9n fue enviada a CNN por el embajador de Hait\u00ed en Rep\u00fablica Dominicana, Smith Augustin, quien tambi\u00e9n confirm\u00f3 el asesinato a CNN:<br \/>\n\u201cAlrededor de la 1 de la madrugada, en la noche del martes 6 al mi\u00e9rcoles 7 de julio de 2021, un grupo de desconocidos, algunos de los cuales hablaban espa\u00f1ol, atacaron la residencia privada del presidente y lo hirieron de muerte. La primera dama recibi\u00f3 un disparo y est\u00e1 recibiendo el tratamiento necesario\u201d, indica el documento.<\/p>\n<p>La declaraci\u00f3n no dice c\u00f3mo fue asesinado el presidente Mo\u00efse.<\/p>\n<p>Mientras tanto, el primer ministro interino lo calific\u00f3 como un \u201cacto atroz, inhumano y b\u00e1rbaro\u201d, al tiempo que ha llamado a la poblaci\u00f3n a la calma. \u00abLa situaci\u00f3n de seguridad en el pa\u00eds est\u00e1 bajo el control de la Polic\u00eda Nacional y las Fuerzas Armadas de Hait\u00ed\u00bb, se lee en su declaraci\u00f3n.<\/p>\n<p>\u201cSe est\u00e1n tomando todas las medidas para garantizar la continuidad del Estado y proteger a la Naci\u00f3n\u201d, asegura el comunicado, para concluir que \u00abla democracia y la Rep\u00fablica ganar\u00e1n\u00bb.<\/p>\n<p>&nbsp;<\/p>\n<p>Fuente: CNN<\/p>\n<p>&nbsp;<\/p>\n","protected":false},"excerpt":{"rendered":"<p>(CNN) \u2013\u00a0 &nbsp; El presidente de Hait\u00ed, Jovenel Mo\u00efse, ha <a href=\"https:\/\/sertv.gob.pa\/nacionalfm\/el-presidente-de-haiti-es-asesinado-durante-un-ataque-a-su-residencia-privada\/\"> [&#8230;]<\/a><\/p>\n","protected":false},"author":9,"featured_media":71051,"comment_status":"closed","ping_status":"closed","sticky":false,"template":"","format":"standard","meta":{"footnotes":""},"categories":[3],"tags":[],"class_list":["post-71050","post","type-post","status-publish","format-standard","has-post-thumbnail","hentry","category-internacionales"],"_links":{"self":[{"href":"https:\/\/sertv.gob.pa\/nacionalfm\/wp-json\/wp\/v2\/posts\/71050","targetHints":{"allow":["GET"]}}],"collection":[{"href":"https:\/\/sertv.gob.pa\/nacionalfm\/wp-json\/wp\/v2\/posts"}],"about":[{"href":"https:\/\/sertv.gob.pa\/nacionalfm\/wp-json\/wp\/v2\/types\/post"}],"author":[{"embeddable":true,"href":"https:\/\/sertv.gob.pa\/nacionalfm\/wp-json\/wp\/v2\/users\/9"}],"replies":[{"embeddable":true,"href":"https:\/\/sertv.gob.pa\/nacionalfm\/wp-json\/wp\/v2\/comments?post=71050"}],"version-history":[{"count":1,"href":"https:\/\/sertv.gob.pa\/nacionalfm\/wp-json\/wp\/v2\/posts\/71050\/revisions"}],"predecessor-version":[{"id":71053,"href":"https:\/\/sertv.gob.pa\/nacionalfm\/wp-json\/wp\/v2\/posts\/71050\/revisions\/71053"}],"wp:featuredmedia":[{"embeddable":true,"href":"https:\/\/sertv.gob.pa\/nacionalfm\/wp-json\/wp\/v2\/media\/71051"}],"wp:attachment":[{"href":"https:\/\/sertv.gob.pa\/nacionalfm\/wp-json\/wp\/v2\/media?parent=71050"}],"wp:term":[{"taxonomy":"category","embeddable":true,"href":"https:\/\/sertv.gob.pa\/nacionalfm\/wp-json\/wp\/v2\/categories?post=71050"},{"taxonomy":"post_tag","embeddable":true,"href":"https:\/\/sertv.gob.pa\/nacionalfm\/wp-json\/wp\/v2\/tags?post=71050"}],"curies":[{"name":"wp","href":"https:\/\/api.w.org\/{rel}","templated":true}]}}