{"id":71089,"date":"2021-07-07T17:42:40","date_gmt":"2021-07-07T17:42:40","guid":{"rendered":"https:\/\/sertv.gob.pa\/nacionalfm\/?p=71089"},"modified":"2021-07-07T17:42:40","modified_gmt":"2021-07-07T17:42:40","slug":"elsa-toca-tierra-en-florida-como-tormenta-tropical-y-no-como-huracan","status":"publish","type":"post","link":"https:\/\/sertv.gob.pa\/nacionalfm\/elsa-toca-tierra-en-florida-como-tormenta-tropical-y-no-como-huracan\/","title":{"rendered":"Elsa toca tierra en Florida como tormenta tropical y no como hurac\u00e1n"},"content":{"rendered":"<p><strong><em>(CNN) \u2013<\/em><\/strong><em>\u00a0<\/em><\/p>\n<p>&nbsp;<\/p>\n<p>La tormenta tropical Elsa est\u00e1 tocando tierra en Florida en el condado de Taylor, seg\u00fan un aviso emitido a las 11 a.m. por el Centro Nacional de Huracanes.<\/p>\n<p>Los vientos m\u00e1ximos sostenidos se mantienen a 104,6 km\/h, con r\u00e1fagas m\u00e1s fuertes. La tormenta avanzar\u00e1 tierra adentro y se debilitar\u00e1 lentamente, pero se espera que siga siendo una tormenta tropical a medida que asciende por la costa este durante los pr\u00f3ximos d\u00edas.<\/p>\n<p>Las fuertes lluvias continuar\u00e1n siendo la principal amenaza de la tormenta, pero los vientos con fuerza de tormenta tropical, las marejadas cicl\u00f3nicas y los tornados aislados continuar\u00e1n al este del camino de la tormenta.<\/p>\n<p>El alcalde de Jacksonville, Lenny Curry, dijo que existe la posibilidad de inundaciones y cortes de energ\u00eda a medida que la tormenta tropical Elsa avanza hacia el norte hacia Florida, especialmente porque ha habido \u00ablluvias importantes durante la semana pasada\u00bb en su \u00e1rea.<\/p>\n<p>Aunque \u00abno es un hurac\u00e1n con un impacto directo, no queremos que las personas se sientan demasiado confiadas, est\u00e9n en sus autos y potencialmente conduzcan hacia una inundaci\u00f3n. Puede haber l\u00edneas el\u00e9ctricas derribadas con el viento. Hay muchas posibilidades que pueden suceden en estas tormentas \u00ab, dijo Curry a Boris S\u00e1nchez de CNN.<\/p>\n<p>El alcalde tambi\u00e9n dijo que la tormenta tropical es una se\u00f1al para que los residentes se preparen ahora para la temporada de huracanes.<\/p>\n<p>&nbsp;<\/p>\n<p>Fuente: CNN<\/p>\n","protected":false},"excerpt":{"rendered":"<p>(CNN) \u2013\u00a0 &nbsp; La tormenta tropical Elsa est\u00e1 tocando tierra <a href=\"https:\/\/sertv.gob.pa\/nacionalfm\/elsa-toca-tierra-en-florida-como-tormenta-tropical-y-no-como-huracan\/\"> [&#8230;]<\/a><\/p>\n","protected":false},"author":9,"featured_media":71090,"comment_status":"closed","ping_status":"closed","sticky":false,"template":"","format":"standard","meta":{"footnotes":""},"categories":[3],"tags":[],"class_list":["post-71089","post","type-post","status-publish","format-standard","has-post-thumbnail","hentry","category-internacionales"],"_links":{"self":[{"href":"https:\/\/sertv.gob.pa\/nacionalfm\/wp-json\/wp\/v2\/posts\/71089","targetHints":{"allow":["GET"]}}],"collection":[{"href":"https:\/\/sertv.gob.pa\/nacionalfm\/wp-json\/wp\/v2\/posts"}],"about":[{"href":"https:\/\/sertv.gob.pa\/nacionalfm\/wp-json\/wp\/v2\/types\/post"}],"author":[{"embeddable":true,"href":"https:\/\/sertv.gob.pa\/nacionalfm\/wp-json\/wp\/v2\/users\/9"}],"replies":[{"embeddable":true,"href":"https:\/\/sertv.gob.pa\/nacionalfm\/wp-json\/wp\/v2\/comments?post=71089"}],"version-history":[{"count":1,"href":"https:\/\/sertv.gob.pa\/nacionalfm\/wp-json\/wp\/v2\/posts\/71089\/revisions"}],"predecessor-version":[{"id":71091,"href":"https:\/\/sertv.gob.pa\/nacionalfm\/wp-json\/wp\/v2\/posts\/71089\/revisions\/71091"}],"wp:featuredmedia":[{"embeddable":true,"href":"https:\/\/sertv.gob.pa\/nacionalfm\/wp-json\/wp\/v2\/media\/71090"}],"wp:attachment":[{"href":"https:\/\/sertv.gob.pa\/nacionalfm\/wp-json\/wp\/v2\/media?parent=71089"}],"wp:term":[{"taxonomy":"category","embeddable":true,"href":"https:\/\/sertv.gob.pa\/nacionalfm\/wp-json\/wp\/v2\/categories?post=71089"},{"taxonomy":"post_tag","embeddable":true,"href":"https:\/\/sertv.gob.pa\/nacionalfm\/wp-json\/wp\/v2\/tags?post=71089"}],"curies":[{"name":"wp","href":"https:\/\/api.w.org\/{rel}","templated":true}]}}