{"id":71150,"date":"2021-07-08T16:43:49","date_gmt":"2021-07-08T16:43:49","guid":{"rendered":"https:\/\/sertv.gob.pa\/nacionalfm\/?p=71150"},"modified":"2021-07-08T16:43:49","modified_gmt":"2021-07-08T16:43:49","slug":"embajador-de-haiti-en-ee-uu-le-dijo-a-cnn-que-cree-que-la-primera-dama-esta-ahora-fuera-de-peligro","status":"publish","type":"post","link":"https:\/\/sertv.gob.pa\/nacionalfm\/embajador-de-haiti-en-ee-uu-le-dijo-a-cnn-que-cree-que-la-primera-dama-esta-ahora-fuera-de-peligro\/","title":{"rendered":"Embajador de Hait\u00ed en EE.UU. le dijo a CNN que cree que la primera dama \u00abest\u00e1 ahora fuera de peligro\u00bb"},"content":{"rendered":"<p><strong><em>(CNN) \u2013<\/em><\/strong><\/p>\n<p><strong>\u00a0<\/strong><\/p>\n<p><strong>\u00a0<\/strong>El embajador de Hait\u00ed en Estados Unidos, Bocchit Edmond, le dijo a Brianna Keilar, en \u00abNew Day\u00bb de CNN, que cree que la primera dama de Hait\u00ed, Martine Mo\u00efse, est\u00e1 ahora \u00abfuera de peligro\u00bb y que \u00abcontinuaremos orando por su recuperaci\u00f3n\u00bb.<\/p>\n<p>Si bien el embajador dijo que no tiene el \u00faltimo informe, dijo que la primera dama est\u00e1 \u00abbien atendida ahora\u00bb y que \u00abde verdad creo por lo que s\u00e9 que estoy seguro de que ahora est\u00e1 fuera de peligro\u00bb.<\/p>\n<p>La primera dama fue trasladada a Miami el mi\u00e9rcoles y est\u00e1 siendo tratada en un hospital all\u00ed. Fue herida en el atentado de la madrugada del mi\u00e9rcoles en Hait\u00ed, en el que fue asesinado a su esposo, el\u00a0<a href=\"https:\/\/cnnespanol.cnn.com\/2021\/07\/07\/presidente-haiti-jovenel-moise-asesinado-trax\/\" target=\"_blank\" rel=\"noopener\">presidente Jovenel Mo\u00efse.<\/a><\/p>\n<p>El embajador Edmond dijo que hay una investigaci\u00f3n en curso y que no quiere especular sobre un motivo.<\/p>\n<p>Confirm\u00f3 que algunos sospechosos del ataque fueron ultimados o arrestados. Dijo que \u201ccuatro murieron y dos est\u00e1n ahora bajo custodia. Esperamos que la Polic\u00eda Nacional contin\u00fae persigui\u00e9ndolos porque posiblemente hab\u00eda m\u00e1s de seis\u201d.<\/p>\n<p>Dijo que quiere que los involucrados en el ataque sean llevados ante la justicia.<\/p>\n<p>Confirm\u00f3 que los atacantes \u00aberan extranjeros\u00bb.<\/p>\n<p>Sin embargo, dijo \u00abal mismo tiempo, hay que reconocer que ellos tambi\u00e9n tuvieron, han tenido alguna ayuda, ayuda interna\u00bb para poder ir hasta la residencia del presidente.<\/p>\n<p>Dijo que \u00abno hay ninguna duda al respecto, la habr\u00eda, hubo alguna ayuda interna\u00bb.<\/p>\n<p>Dijo que las autoridades necesitan \u201ccontinuar con las investigaciones y buscar e identificar a quienes las financiaron, a quienes les pagaron para cometer este horrible acto\u201d.<\/p>\n<p>&nbsp;<\/p>\n<p>Fuente: CNN<\/p>\n","protected":false},"excerpt":{"rendered":"<p>(CNN) \u2013 \u00a0 \u00a0El embajador de Hait\u00ed en Estados Unidos, <a href=\"https:\/\/sertv.gob.pa\/nacionalfm\/embajador-de-haiti-en-ee-uu-le-dijo-a-cnn-que-cree-que-la-primera-dama-esta-ahora-fuera-de-peligro\/\"> [&#8230;]<\/a><\/p>\n","protected":false},"author":9,"featured_media":71151,"comment_status":"closed","ping_status":"closed","sticky":false,"template":"","format":"standard","meta":{"footnotes":""},"categories":[3],"tags":[],"class_list":["post-71150","post","type-post","status-publish","format-standard","has-post-thumbnail","hentry","category-internacionales"],"_links":{"self":[{"href":"https:\/\/sertv.gob.pa\/nacionalfm\/wp-json\/wp\/v2\/posts\/71150","targetHints":{"allow":["GET"]}}],"collection":[{"href":"https:\/\/sertv.gob.pa\/nacionalfm\/wp-json\/wp\/v2\/posts"}],"about":[{"href":"https:\/\/sertv.gob.pa\/nacionalfm\/wp-json\/wp\/v2\/types\/post"}],"author":[{"embeddable":true,"href":"https:\/\/sertv.gob.pa\/nacionalfm\/wp-json\/wp\/v2\/users\/9"}],"replies":[{"embeddable":true,"href":"https:\/\/sertv.gob.pa\/nacionalfm\/wp-json\/wp\/v2\/comments?post=71150"}],"version-history":[{"count":2,"href":"https:\/\/sertv.gob.pa\/nacionalfm\/wp-json\/wp\/v2\/posts\/71150\/revisions"}],"predecessor-version":[{"id":71156,"href":"https:\/\/sertv.gob.pa\/nacionalfm\/wp-json\/wp\/v2\/posts\/71150\/revisions\/71156"}],"wp:featuredmedia":[{"embeddable":true,"href":"https:\/\/sertv.gob.pa\/nacionalfm\/wp-json\/wp\/v2\/media\/71151"}],"wp:attachment":[{"href":"https:\/\/sertv.gob.pa\/nacionalfm\/wp-json\/wp\/v2\/media?parent=71150"}],"wp:term":[{"taxonomy":"category","embeddable":true,"href":"https:\/\/sertv.gob.pa\/nacionalfm\/wp-json\/wp\/v2\/categories?post=71150"},{"taxonomy":"post_tag","embeddable":true,"href":"https:\/\/sertv.gob.pa\/nacionalfm\/wp-json\/wp\/v2\/tags?post=71150"}],"curies":[{"name":"wp","href":"https:\/\/api.w.org\/{rel}","templated":true}]}}