{"id":71157,"date":"2021-07-08T17:34:59","date_gmt":"2021-07-08T17:34:59","guid":{"rendered":"https:\/\/sertv.gob.pa\/nacionalfm\/?p=71157"},"modified":"2021-07-08T17:34:59","modified_gmt":"2021-07-08T17:34:59","slug":"cidh-hubo-uso-desproporcionado-de-la-fuerza-publica-en-las-protestas-de-colombia","status":"publish","type":"post","link":"https:\/\/sertv.gob.pa\/nacionalfm\/cidh-hubo-uso-desproporcionado-de-la-fuerza-publica-en-las-protestas-de-colombia\/","title":{"rendered":"CIDH: Hubo uso desproporcionado de la fuerza p\u00fablica en las protestas de Colombia"},"content":{"rendered":"<p><strong><em>(CNN Espa\u00f1ol) \u2013<\/em><\/strong><em>\u00a0<\/em><\/p>\n<p>&nbsp;<\/p>\n<p>La Comisi\u00f3n Interamericana de Derechos Humanos (CIDH) calific\u00f3 de desproporcionado el uso de la fuerza p\u00fablica en el control de las protestas que comenzaron en Colombia el 28 de abril.<\/p>\n<p>En sus observaciones y recomendaciones, divulgadas este mi\u00e9rcoles, se\u00f1al\u00f3 que adem\u00e1s se registr\u00f3 violencia de g\u00e9nero, \u00e9tnica, contra periodistas y contra misiones m\u00e9dicas. Tambi\u00e9n denunci\u00f3 supuestas desapariciones e irregularidades en los traslados por protecci\u00f3n, como se les llama a lo que hacen los agentes policiales con civiles que corren alg\u00fan riesgo y que deben ser llevados a un lugar seguro. \u201cLa CIDH ha podido constatar que, en reiteradas ocasiones, as\u00ed como en diversas regiones del pa\u00eds, la respuesta del Estado se caracteriz\u00f3 por el uso excesivo y desproporcionado de la fuerza, en muchos casos, incluyendo la fuerza letal\u201d, afirmaron.<\/p>\n<p>Consultado por los medios locales sobre el reporte, Duque asever\u00f3 que \u201cnadie puede recomendarle a un pa\u00eds ser tolerante con actos de criminalidad\u201d. Agreg\u00f3 que su gobierno le afirm\u00f3 a la CIDH que el pa\u00eds ha sido respetuoso de la protesta pac\u00edfica como una expresi\u00f3n de la ciudadan\u00eda, \u201cpero los actos de vandalismo, los actos de terrorismo urbano de baja intensidad, los bloqueos que atentan contra los derechos de los ciudadanos est\u00e1n siendo enfrentados con la Constituci\u00f3n y la ley\u201d.<\/p>\n<p>La CIDH expres\u00f3 que tanto el Estado como diversas organizaciones civiles denunciaron \u201cinfiltraciones\u201d en las protestas de terceros armados. Las autoridades les indicaron que solicitaron a la Fiscal\u00eda General de la Naci\u00f3n que realice las investigaciones correspondientes.<\/p>\n<p>Para la elaboraci\u00f3n del informe, la CIDH realiz\u00f3 una visita de trabajo a Colombia del 8 al 10 de junio. En un comunicado se\u00f1al\u00f3 haber recibido m\u00e1s de 2.900 solicitudes para brindar testimonios, de los que se recabaron 302, tanto individuales como colectivos. Asimismo, tuvo en cuenta informaci\u00f3n recibida antes y despu\u00e9s de la visita. Adem\u00e1s de estar con las v\u00edctimas, se reuni\u00f3 con autoridades de distintas ramas del poder p\u00fablico y \u00f3rganos de control y de Naciones Unidas.<\/p>\n<p>Entre sus recomendaciones, la CIDH exhort\u00f3 que desde el nivel m\u00e1s alto de estado se promueva y refuerce un proceso nacional de di\u00e1logo genuino y que los operativos de seguridad se realicen con \u201cestricto apego a los protocolos del uso leg\u00edtimo de la fuerza\u201d.<\/p>\n<p>Tambi\u00e9n consider\u00f3 que se deber\u00eda separar a la Polic\u00eda Nacional y al Escuadr\u00f3n M\u00f3vil Antidisturbios de la Polic\u00eda Nacional (ESMAD) del Ministerio de Defensa \u201ca fin de garantizar una estructura que consolide y preserve la seguridad con un enfoque ciudadano y de derechos humanos, y evite toda posibilidad de perspectivas militares\u201d. En su respuesta al informe, el Ministerio de Relaciones Exteriores de Colombia considera que esta preocupaci\u00f3n de la Comisi\u00f3n resulta \u201cajena\u201d a lo que dice la Constituci\u00f3n: que la Polic\u00eda Nacional es un cuerpo armado de naturaleza civil. Con respecto al uso de la fuerza, subraya la Canciller\u00eda que los incidentes \u201cfueron excepcionales y han obedecido \u00fanicamente a situaciones en las que result\u00f3 necesaria la intervenci\u00f3n de la Polic\u00eda Nacional\u201d.<\/p>\n<p>La CIDH concluy\u00f3 afirmando que seguir\u00e1 monitoreando el desarrollo de las manifestaciones y expres\u00f3 su disposici\u00f3n para brindar asistencia t\u00e9cnica al Estado en el seguimiento de las recomendaciones. Para este prop\u00f3sito, anunci\u00f3 la instalaci\u00f3n de un \u201cMecanismo especial de seguimiento en materia de derechos humanos para Colombia\u201d que favorezca el fortalecimiento de la paz en la sociedad.<\/p>\n<p>&nbsp;<\/p>\n<p>Fuente: CNN<\/p>\n","protected":false},"excerpt":{"rendered":"<p>(CNN Espa\u00f1ol) \u2013\u00a0 &nbsp; La Comisi\u00f3n Interamericana de Derechos Humanos <a href=\"https:\/\/sertv.gob.pa\/nacionalfm\/cidh-hubo-uso-desproporcionado-de-la-fuerza-publica-en-las-protestas-de-colombia\/\"> [&#8230;]<\/a><\/p>\n","protected":false},"author":9,"featured_media":71158,"comment_status":"closed","ping_status":"closed","sticky":false,"template":"","format":"standard","meta":{"footnotes":""},"categories":[3],"tags":[],"class_list":["post-71157","post","type-post","status-publish","format-standard","has-post-thumbnail","hentry","category-internacionales"],"_links":{"self":[{"href":"https:\/\/sertv.gob.pa\/nacionalfm\/wp-json\/wp\/v2\/posts\/71157","targetHints":{"allow":["GET"]}}],"collection":[{"href":"https:\/\/sertv.gob.pa\/nacionalfm\/wp-json\/wp\/v2\/posts"}],"about":[{"href":"https:\/\/sertv.gob.pa\/nacionalfm\/wp-json\/wp\/v2\/types\/post"}],"author":[{"embeddable":true,"href":"https:\/\/sertv.gob.pa\/nacionalfm\/wp-json\/wp\/v2\/users\/9"}],"replies":[{"embeddable":true,"href":"https:\/\/sertv.gob.pa\/nacionalfm\/wp-json\/wp\/v2\/comments?post=71157"}],"version-history":[{"count":1,"href":"https:\/\/sertv.gob.pa\/nacionalfm\/wp-json\/wp\/v2\/posts\/71157\/revisions"}],"predecessor-version":[{"id":71159,"href":"https:\/\/sertv.gob.pa\/nacionalfm\/wp-json\/wp\/v2\/posts\/71157\/revisions\/71159"}],"wp:featuredmedia":[{"embeddable":true,"href":"https:\/\/sertv.gob.pa\/nacionalfm\/wp-json\/wp\/v2\/media\/71158"}],"wp:attachment":[{"href":"https:\/\/sertv.gob.pa\/nacionalfm\/wp-json\/wp\/v2\/media?parent=71157"}],"wp:term":[{"taxonomy":"category","embeddable":true,"href":"https:\/\/sertv.gob.pa\/nacionalfm\/wp-json\/wp\/v2\/categories?post=71157"},{"taxonomy":"post_tag","embeddable":true,"href":"https:\/\/sertv.gob.pa\/nacionalfm\/wp-json\/wp\/v2\/tags?post=71157"}],"curies":[{"name":"wp","href":"https:\/\/api.w.org\/{rel}","templated":true}]}}