{"id":71160,"date":"2021-07-08T17:42:21","date_gmt":"2021-07-08T17:42:21","guid":{"rendered":"https:\/\/sertv.gob.pa\/nacionalfm\/?p=71160"},"modified":"2021-07-08T17:42:21","modified_gmt":"2021-07-08T17:42:21","slug":"el-papa-francisco-paso-un-dia-tranquilo-comiendo-y-moviendose-sin-ayuda-dice-el-vaticano","status":"publish","type":"post","link":"https:\/\/sertv.gob.pa\/nacionalfm\/el-papa-francisco-paso-un-dia-tranquilo-comiendo-y-moviendose-sin-ayuda-dice-el-vaticano\/","title":{"rendered":"El papa Francisco pas\u00f3 un \u201cd\u00eda tranquilo comiendo y movi\u00e9ndose sin ayuda\u201d, dice el Vaticano"},"content":{"rendered":"<p><strong><em>(CNN) \u2013\u00a0<\/em><\/strong><\/p>\n<p><strong>\u00a0<\/strong><\/p>\n<p>El papa Francisco pas\u00f3 el mi\u00e9rcoles\u00a0un \u201cd\u00eda tranquilo, comiendo y movi\u00e9ndose sin ayuda\u201d\u00a0mientras contin\u00faa su recuperaci\u00f3n posoperatoria, dijo el portavoz del Vaticano, Matteo Bruni, en el \u00faltimo bolet\u00edn m\u00e9dico sobre la salud del pont\u00edfice, emitido este jueves.<\/p>\n<p>En un comunicado, Bruni dijo que \u2013el mi\u00e9rcoles por la noche\u2013 el papa tuvo fiebre temporal, pero que los ex\u00e1menes m\u00e9dicos de rutina, que incluyeron una tomograf\u00eda de t\u00f3rax y abdomen \u2013el jueves por la ma\u00f1ana\u2013, dieron un resultado negativo.<\/p>\n<p>\u201cEl Santo Padre contin\u00faa con su tratamiento planeado y come por v\u00eda oral\u201d, dice el comunicado.<\/p>\n<p>\u201cEn este momento en particular, mira hacia todos los que sufren, expresando su cercan\u00eda a los enfermos, especialmente a los m\u00e1s necesitados de cuidados\u201d.<\/p>\n<p>El domingo, el pont\u00edfice, de 84 a\u00f1os, fue\u00a0<a href=\"https:\/\/cnnespanol.cnn.com\/video\/intervendran-quirurgicamente-al-papa-francisco-en-roma-por-diverticulitis-de-colon\/\" target=\"_blank\" rel=\"noopener\">sometido a una cirug\u00eda por diverticulitis de colon<\/a>, en el hospital Gemelli de Roma.<\/p>\n<p>Horas antes, hab\u00eda realizado la tradicional oraci\u00f3n dominical del \u00e1ngelus, en la Plaza de San Pedro.<\/p>\n<p>&nbsp;<\/p>\n<p>Fuente: CNN<\/p>\n","protected":false},"excerpt":{"rendered":"<p>(CNN) \u2013\u00a0 \u00a0 El papa Francisco pas\u00f3 el mi\u00e9rcoles\u00a0un \u201cd\u00eda <a href=\"https:\/\/sertv.gob.pa\/nacionalfm\/el-papa-francisco-paso-un-dia-tranquilo-comiendo-y-moviendose-sin-ayuda-dice-el-vaticano\/\"> [&#8230;]<\/a><\/p>\n","protected":false},"author":9,"featured_media":71161,"comment_status":"closed","ping_status":"closed","sticky":false,"template":"","format":"standard","meta":{"footnotes":""},"categories":[3],"tags":[],"class_list":["post-71160","post","type-post","status-publish","format-standard","has-post-thumbnail","hentry","category-internacionales"],"_links":{"self":[{"href":"https:\/\/sertv.gob.pa\/nacionalfm\/wp-json\/wp\/v2\/posts\/71160","targetHints":{"allow":["GET"]}}],"collection":[{"href":"https:\/\/sertv.gob.pa\/nacionalfm\/wp-json\/wp\/v2\/posts"}],"about":[{"href":"https:\/\/sertv.gob.pa\/nacionalfm\/wp-json\/wp\/v2\/types\/post"}],"author":[{"embeddable":true,"href":"https:\/\/sertv.gob.pa\/nacionalfm\/wp-json\/wp\/v2\/users\/9"}],"replies":[{"embeddable":true,"href":"https:\/\/sertv.gob.pa\/nacionalfm\/wp-json\/wp\/v2\/comments?post=71160"}],"version-history":[{"count":2,"href":"https:\/\/sertv.gob.pa\/nacionalfm\/wp-json\/wp\/v2\/posts\/71160\/revisions"}],"predecessor-version":[{"id":71163,"href":"https:\/\/sertv.gob.pa\/nacionalfm\/wp-json\/wp\/v2\/posts\/71160\/revisions\/71163"}],"wp:featuredmedia":[{"embeddable":true,"href":"https:\/\/sertv.gob.pa\/nacionalfm\/wp-json\/wp\/v2\/media\/71161"}],"wp:attachment":[{"href":"https:\/\/sertv.gob.pa\/nacionalfm\/wp-json\/wp\/v2\/media?parent=71160"}],"wp:term":[{"taxonomy":"category","embeddable":true,"href":"https:\/\/sertv.gob.pa\/nacionalfm\/wp-json\/wp\/v2\/categories?post=71160"},{"taxonomy":"post_tag","embeddable":true,"href":"https:\/\/sertv.gob.pa\/nacionalfm\/wp-json\/wp\/v2\/tags?post=71160"}],"curies":[{"name":"wp","href":"https:\/\/api.w.org\/{rel}","templated":true}]}}