{"id":7117,"date":"2015-09-01T17:50:04","date_gmt":"2015-09-01T17:50:04","guid":{"rendered":""},"modified":"2015-09-01T17:50:04","modified_gmt":"2015-09-01T17:50:04","slug":"monitoreo-del-virus-de-la-encefalitis-equina","status":"publish","type":"post","link":"https:\/\/sertv.gob.pa\/nacionalfm\/monitoreo-del-virus-de-la-encefalitis-equina\/","title":{"rendered":"Monitoreo del virus de la Encefalitis Equina"},"content":{"rendered":"<p>\nEn la provincia de Dari\u00e9n, la Direcci\u00f3n Regional de Salud del Ministerio de Salud (MINSA) \u00a0realiz\u00f3 un recorrido por algunas zonas de la provincia, donde se ha detectado el virus de la Encefalitis Equina para verificar algunos otros focos de la enfermedad y actualizar al personal de Salud en la prevenci\u00f3n y las medidas de control. <\/p>\n<p>De acuerdo a Itza Barahona de Mosca, directora general de Salud, se pudo comprobar que durante la semana pasada no se presentaron nuevos casos, pero que el fin de semana se conoci\u00f3 de un nuevo caso en la comunidad de Sansoncito. Adicional a seis miembros de la polic\u00eda de Frontera se le detect\u00f3 fiebre y a uno de ellos con un cuadro de convulsi\u00f3n. Tres de estos agentes fueron trasladados al Hospital San Fernando. <\/p>\n<p>El MINSA ha reforzado con personal del Departamento de Vectores la regi\u00f3n del Dari\u00e9n para enfrentar la proliferaci\u00f3n del mosquito como transmisor del brote. <\/p>\n<p>\u00a0 <\/p>\n","protected":false},"excerpt":{"rendered":"<p>En la provincia de Dari\u00e9n, la Direcci\u00f3n Regional de Salud <a href=\"https:\/\/sertv.gob.pa\/nacionalfm\/monitoreo-del-virus-de-la-encefalitis-equina\/\"> [&#8230;]<\/a><\/p>\n","protected":false},"author":1,"featured_media":7118,"comment_status":"closed","ping_status":"closed","sticky":false,"template":"","format":"standard","meta":{"footnotes":""},"categories":[5],"tags":[],"class_list":["post-7117","post","type-post","status-publish","format-standard","has-post-thumbnail","hentry","category-salud"],"_links":{"self":[{"href":"https:\/\/sertv.gob.pa\/nacionalfm\/wp-json\/wp\/v2\/posts\/7117","targetHints":{"allow":["GET"]}}],"collection":[{"href":"https:\/\/sertv.gob.pa\/nacionalfm\/wp-json\/wp\/v2\/posts"}],"about":[{"href":"https:\/\/sertv.gob.pa\/nacionalfm\/wp-json\/wp\/v2\/types\/post"}],"author":[{"embeddable":true,"href":"https:\/\/sertv.gob.pa\/nacionalfm\/wp-json\/wp\/v2\/users\/1"}],"replies":[{"embeddable":true,"href":"https:\/\/sertv.gob.pa\/nacionalfm\/wp-json\/wp\/v2\/comments?post=7117"}],"version-history":[{"count":0,"href":"https:\/\/sertv.gob.pa\/nacionalfm\/wp-json\/wp\/v2\/posts\/7117\/revisions"}],"wp:featuredmedia":[{"embeddable":true,"href":"https:\/\/sertv.gob.pa\/nacionalfm\/wp-json\/wp\/v2\/media\/7118"}],"wp:attachment":[{"href":"https:\/\/sertv.gob.pa\/nacionalfm\/wp-json\/wp\/v2\/media?parent=7117"}],"wp:term":[{"taxonomy":"category","embeddable":true,"href":"https:\/\/sertv.gob.pa\/nacionalfm\/wp-json\/wp\/v2\/categories?post=7117"},{"taxonomy":"post_tag","embeddable":true,"href":"https:\/\/sertv.gob.pa\/nacionalfm\/wp-json\/wp\/v2\/tags?post=7117"}],"curies":[{"name":"wp","href":"https:\/\/api.w.org\/{rel}","templated":true}]}}