{"id":71278,"date":"2021-07-12T18:01:25","date_gmt":"2021-07-12T18:01:25","guid":{"rendered":"https:\/\/sertv.gob.pa\/nacionalfm\/?p=71278"},"modified":"2021-07-12T18:01:25","modified_gmt":"2021-07-12T18:01:25","slug":"el-canciller-de-cuba-critica-al-asesor-de-seguridad-de-la-casa-blanca-por-apoyar-las-protestas-cubanas","status":"publish","type":"post","link":"https:\/\/sertv.gob.pa\/nacionalfm\/el-canciller-de-cuba-critica-al-asesor-de-seguridad-de-la-casa-blanca-por-apoyar-las-protestas-cubanas\/","title":{"rendered":"El canciller de Cuba critica al asesor de Seguridad de la Casa Blanca por apoyar las protestas cubanas"},"content":{"rendered":"<p><strong><em>(CNN) \u2013\u00a0<\/em><\/strong><\/p>\n<p><strong>\u00a0<\/strong><\/p>\n<p>El canciller de Cuba, Bruno Rodr\u00edguez, critic\u00f3 el lunes al asesor de Seguridad de la Casa Blanca, Jake Sullivan, por emitir una declaraci\u00f3n en apoyo de las raras protestas cubanas que sacudieron a la naci\u00f3n isle\u00f1a un d\u00eda antes.<\/p>\n<p>Miles de cubanos salieron a las calles el domingo para protestar por la falta de alimentos y medicinas mientras el pa\u00eds atraviesa una grave crisis econ\u00f3mica agravada por la pandemia del covid-19 y las sanciones de Estados Unidos.<\/p>\n<p>\u201cEl asesor de Seguridad Nacional de la Casa Blanca carece de autoridad pol\u00edtica y moral para hablar sobre #Cuba. Su gobierno ha destinado cientos de millones de d\u00f3lares para la subversi\u00f3n en nuestro pa\u00eds e impone un bloqueo genocida, principal responsable de carencias econ\u00f3micas\u201d, dijo Rodr\u00edguez en un tuit.<\/p>\n<p>El asesor de Seguridad Nacional de la Casa Blanca, Jake Sullivan, expres\u00f3 el domingo por la noche su apoyo al pueblo cubano y tuite\u00f3: \u00abEstados Unidos apoya la libertad de expresi\u00f3n y reuni\u00f3n en Cuba, y condenar\u00eda en\u00e9rgicamente cualquier violencia o ataques contra manifestantes pac\u00edficos que ejercen sus derechos universales\u00bb.<\/p>\n<p>El presidente de Cuba ha culpado al gobierno de Estados Unidos por las protestas sin precedentes. En un discurso televisado a nivel nacional el domingo, Miguel D\u00edaz-Canel dijo que las sanciones comerciales de Estados Unidos hab\u00edan creado miseria econ\u00f3mica en la isla dirigida por los comunistas.<\/p>\n<p>Esto se produce cuando las relaciones entre Estados Unidos y Cuba se encuentran en uno de sus puntos m\u00e1s bajos en a\u00f1os. La administraci\u00f3n Trump promulg\u00f3 algunas de las medidas econ\u00f3micas m\u00e1s duras contra Cuba en d\u00e9cadas y, hasta ahora, la administraci\u00f3n Biden parece reacia a levantarlas.<\/p>\n<p>&nbsp;<\/p>\n<p>Fuente: CNN<\/p>\n","protected":false},"excerpt":{"rendered":"<p>(CNN) \u2013\u00a0 \u00a0 El canciller de Cuba, Bruno Rodr\u00edguez, critic\u00f3 <a href=\"https:\/\/sertv.gob.pa\/nacionalfm\/el-canciller-de-cuba-critica-al-asesor-de-seguridad-de-la-casa-blanca-por-apoyar-las-protestas-cubanas\/\"> [&#8230;]<\/a><\/p>\n","protected":false},"author":9,"featured_media":71279,"comment_status":"closed","ping_status":"closed","sticky":false,"template":"","format":"standard","meta":{"footnotes":""},"categories":[3],"tags":[],"class_list":["post-71278","post","type-post","status-publish","format-standard","has-post-thumbnail","hentry","category-internacionales"],"_links":{"self":[{"href":"https:\/\/sertv.gob.pa\/nacionalfm\/wp-json\/wp\/v2\/posts\/71278","targetHints":{"allow":["GET"]}}],"collection":[{"href":"https:\/\/sertv.gob.pa\/nacionalfm\/wp-json\/wp\/v2\/posts"}],"about":[{"href":"https:\/\/sertv.gob.pa\/nacionalfm\/wp-json\/wp\/v2\/types\/post"}],"author":[{"embeddable":true,"href":"https:\/\/sertv.gob.pa\/nacionalfm\/wp-json\/wp\/v2\/users\/9"}],"replies":[{"embeddable":true,"href":"https:\/\/sertv.gob.pa\/nacionalfm\/wp-json\/wp\/v2\/comments?post=71278"}],"version-history":[{"count":1,"href":"https:\/\/sertv.gob.pa\/nacionalfm\/wp-json\/wp\/v2\/posts\/71278\/revisions"}],"predecessor-version":[{"id":71280,"href":"https:\/\/sertv.gob.pa\/nacionalfm\/wp-json\/wp\/v2\/posts\/71278\/revisions\/71280"}],"wp:featuredmedia":[{"embeddable":true,"href":"https:\/\/sertv.gob.pa\/nacionalfm\/wp-json\/wp\/v2\/media\/71279"}],"wp:attachment":[{"href":"https:\/\/sertv.gob.pa\/nacionalfm\/wp-json\/wp\/v2\/media?parent=71278"}],"wp:term":[{"taxonomy":"category","embeddable":true,"href":"https:\/\/sertv.gob.pa\/nacionalfm\/wp-json\/wp\/v2\/categories?post=71278"},{"taxonomy":"post_tag","embeddable":true,"href":"https:\/\/sertv.gob.pa\/nacionalfm\/wp-json\/wp\/v2\/tags?post=71278"}],"curies":[{"name":"wp","href":"https:\/\/api.w.org\/{rel}","templated":true}]}}