{"id":71281,"date":"2021-07-12T18:45:02","date_gmt":"2021-07-12T18:45:02","guid":{"rendered":"https:\/\/sertv.gob.pa\/nacionalfm\/?p=71281"},"modified":"2021-07-12T18:45:02","modified_gmt":"2021-07-12T18:45:02","slug":"el-papa-francisco-permanecera-unos-dias-mas-en-el-hospital-segun-el-portavoz-del-vaticano","status":"publish","type":"post","link":"https:\/\/sertv.gob.pa\/nacionalfm\/el-papa-francisco-permanecera-unos-dias-mas-en-el-hospital-segun-el-portavoz-del-vaticano\/","title":{"rendered":"El papa Francisco permanecer\u00e1 unos d\u00edas m\u00e1s en el hospital, seg\u00fan el portavoz del Vaticano"},"content":{"rendered":"<p><strong><em>(CNN) \u2013<\/em><\/strong><em>\u00a0<\/em><\/p>\n<p>El\u00a0<a href=\"https:\/\/cnnespanol.cnn.com\/tag\/papa-francisco\/\" target=\"_blank\" rel=\"noopener\">papa Francisco<\/a>\u00a0ha completado su recuperaci\u00f3n posoperatoria, pero permanecer\u00e1 en el hospital unos d\u00edas m\u00e1s para \u00aboptimizar su terapia m\u00e9dica y de rehabilitaci\u00f3n\u00bb, dijo el lunes el portavoz del Vaticano, Matteo Bruni, en un comunicado. Inicialmente estaba previsto que abandonara el hospital el lunes o el martes.<\/p>\n<p>El papa realiz\u00f3 el domingo\u00a0<a href=\"https:\/\/cnnespanol.cnn.com\/2021\/07\/11\/papa-francisco-reza-ventana-hospital-primera-aparicion-publica-operacion-diverticulitis-trax\/\" target=\"_blank\" rel=\"noopener\">su rezo semanal del \u00e1ngelus desde un balc\u00f3n del Hospital Universitario Gemelli, de Roma<\/a>, donde se recupera actualmente, tras ser operado por diverticulitis de colon, el pasado 4 de julio.<\/p>\n<p>\u00abAyer [domingo], antes de rezar el \u00e1ngelus quiso encontrarse con algunos pacientes j\u00f3venes de la unidad de oncolog\u00eda cercana con sus familias, que luego le acompa\u00f1aron en el balc\u00f3n del piso 10 para la oraci\u00f3n mariana. Al final, salud\u00f3 a otros pacientes en el piso y se reuni\u00f3 brevemente con las enfermeras y los m\u00e9dicos\u00bb, dijo Bruni.<\/p>\n<p>El domingo, por la tarde, celebr\u00f3 la santa misa en la capilla privada con sus ayudantes.<\/p>\n<p>El papa tambi\u00e9n expres\u00f3 su alegr\u00eda por la\u00a0<a href=\"https:\/\/cnnespanol.cnn.com\/2021\/07\/10\/messi-y-argentina-logran-un-nuevo-maracanazo-en-la-copa-america-orix\/\" target=\"_blank\" rel=\"noopener\">victoria de Argentina<\/a>\u00a0en la final de la Copa Am\u00e9rica 2021 contra Brasil, y por la\u00a0<a href=\"https:\/\/cnnespanol.cnn.com\/2021\/07\/11\/eurocopa-italia-wembley-campeon\/\" target=\"_blank\" rel=\"noopener\">victoria de Italia<\/a>\u00a0en la Eurocopa 2020 contra Inglaterra.<\/p>\n<p>\u00abAl compartir con sus allegados la alegr\u00eda por la victoria de las selecciones de Argentina e Italia, Su Santidad reflexion\u00f3 sobre el significado del deporte y sus valores, y de la capacidad deportiva de saber aceptar cualquier resultado, incluso la derrota: &#8216;solo as\u00ed, ante las dificultades de la vida, se puede seguir poni\u00e9ndose en juego sin rendirse, con esperanza y confianza'\u00bb, dijo Bruni.<\/p>\n<p>&nbsp;<\/p>\n<p>Fuente: CNN<\/p>\n","protected":false},"excerpt":{"rendered":"<p>(CNN) \u2013\u00a0 El\u00a0papa Francisco\u00a0ha completado su recuperaci\u00f3n posoperatoria, pero permanecer\u00e1 <a href=\"https:\/\/sertv.gob.pa\/nacionalfm\/el-papa-francisco-permanecera-unos-dias-mas-en-el-hospital-segun-el-portavoz-del-vaticano\/\"> [&#8230;]<\/a><\/p>\n","protected":false},"author":9,"featured_media":71282,"comment_status":"closed","ping_status":"closed","sticky":false,"template":"","format":"standard","meta":{"footnotes":""},"categories":[3],"tags":[],"class_list":["post-71281","post","type-post","status-publish","format-standard","has-post-thumbnail","hentry","category-internacionales"],"_links":{"self":[{"href":"https:\/\/sertv.gob.pa\/nacionalfm\/wp-json\/wp\/v2\/posts\/71281","targetHints":{"allow":["GET"]}}],"collection":[{"href":"https:\/\/sertv.gob.pa\/nacionalfm\/wp-json\/wp\/v2\/posts"}],"about":[{"href":"https:\/\/sertv.gob.pa\/nacionalfm\/wp-json\/wp\/v2\/types\/post"}],"author":[{"embeddable":true,"href":"https:\/\/sertv.gob.pa\/nacionalfm\/wp-json\/wp\/v2\/users\/9"}],"replies":[{"embeddable":true,"href":"https:\/\/sertv.gob.pa\/nacionalfm\/wp-json\/wp\/v2\/comments?post=71281"}],"version-history":[{"count":1,"href":"https:\/\/sertv.gob.pa\/nacionalfm\/wp-json\/wp\/v2\/posts\/71281\/revisions"}],"predecessor-version":[{"id":71283,"href":"https:\/\/sertv.gob.pa\/nacionalfm\/wp-json\/wp\/v2\/posts\/71281\/revisions\/71283"}],"wp:featuredmedia":[{"embeddable":true,"href":"https:\/\/sertv.gob.pa\/nacionalfm\/wp-json\/wp\/v2\/media\/71282"}],"wp:attachment":[{"href":"https:\/\/sertv.gob.pa\/nacionalfm\/wp-json\/wp\/v2\/media?parent=71281"}],"wp:term":[{"taxonomy":"category","embeddable":true,"href":"https:\/\/sertv.gob.pa\/nacionalfm\/wp-json\/wp\/v2\/categories?post=71281"},{"taxonomy":"post_tag","embeddable":true,"href":"https:\/\/sertv.gob.pa\/nacionalfm\/wp-json\/wp\/v2\/tags?post=71281"}],"curies":[{"name":"wp","href":"https:\/\/api.w.org\/{rel}","templated":true}]}}